{"id":18438,"date":"2026-08-31T18:25:49","date_gmt":"2026-08-31T21:25:49","guid":{"rendered":"https:\/\/jornalrotadomar.com.br\/news\/?p=18438"},"modified":"2026-08-31T18:25:49","modified_gmt":"2026-08-31T21:25:49","slug":"tres-homens-sao-presos-por-porte-ilegal-de-arma-e-lesao-corporal-em-mostardas","status":"publish","type":"post","link":"https:\/\/jornalrotadomar.com.br\/news\/2026\/08\/31\/tres-homens-sao-presos-por-porte-ilegal-de-arma-e-lesao-corporal-em-mostardas\/","title":{"rendered":"Tr\u00eas homens s\u00e3o presos por porte ilegal de arma e les\u00e3o corporal em Mostardas"},"content":{"rendered":"\n<p class=\"wp-block-paragraph\">Tr\u00eas homens foram presos por porte ilegal de arma de fogo e les\u00e3o corporal no s\u00e1bado (29\/08), no bairro S\u00e3o Sim\u00e3o, em Mostardas.<\/p>\n\n\n\n<p class=\"wp-block-paragraph\">De acordo com o 8\u00ba Batalh\u00e3o de Pol\u00edcia Militar (8\u00ba BPM), policiais militares de Mostardas e Tavares foram at\u00e9 o local ap\u00f3s receberem den\u00fancias de perturba\u00e7\u00e3o da tranquilidade. Na chegada, as equipes encontraram os envolvidos ap\u00f3s uma desaven\u00e7a.<\/p>\n\n\n\n<p class=\"wp-block-paragraph\">Durante o atendimento da ocorr\u00eancia, os policiais apreenderam uma arma de fogo longa calibre .20, al\u00e9m de tr\u00eas muni\u00e7\u00f5es intactas e uma deflagrada.<\/p>\n\n\n\n<p class=\"wp-block-paragraph\">Os tr\u00eas homens, de 37, 28 e 27 anos, foram encaminhados para atendimento m\u00e9dico e, posteriormente, apresentados na Delegacia de Pol\u00edcia de Pronto Atendimento (DPPA) de Tramanda\u00ed.<\/p>\n\n\n\n<p class=\"wp-block-paragraph\">Conforme a Brigada Militar, o homem de 28 anos possui antecedentes por tr\u00e1fico de entorpecentes, recepta\u00e7\u00e3o e les\u00e3o corporal. Os outros dois envolvidos n\u00e3o possuem antecedentes criminais.<\/p>\n\n\n\n<p class=\"wp-block-paragraph\">A ocorr\u00eancia foi atendida por policiais militares do 8\u00ba BPM.<\/p>\n\n\n\n<p class=\"wp-block-paragraph\">Fonte\/Foto: Comunica\u00e7\u00e3o Social do 8\u00ba BPM<\/p>\n","protected":false},"excerpt":{"rendered":"<p>Tr\u00eas homens foram presos por porte ilegal de arma de fogo e les\u00e3o corporal no<\/p>\n","protected":false},"author":1,"featured_media":18439,"comment_status":"open","ping_status":"open","sticky":false,"template":"","format":"standard","meta":{"footnotes":""},"categories":[36,31],"tags":[],"class_list":["post-18438","post","type-post","status-publish","format-standard","has-post-thumbnail","hentry","category-litoral-norte","category-policia"],"_links":{"self":[{"href":"https:\/\/jornalrotadomar.com.br\/news\/wp-json\/wp\/v2\/posts\/18438","targetHints":{"allow":["GET"]}}],"collection":[{"href":"https:\/\/jornalrotadomar.com.br\/news\/wp-json\/wp\/v2\/posts"}],"about":[{"href":"https:\/\/jornalrotadomar.com.br\/news\/wp-json\/wp\/v2\/types\/post"}],"author":[{"embeddable":true,"href":"https:\/\/jornalrotadomar.com.br\/news\/wp-json\/wp\/v2\/users\/1"}],"replies":[{"embeddable":true,"href":"https:\/\/jornalrotadomar.com.br\/news\/wp-json\/wp\/v2\/comments?post=18438"}],"version-history":[{"count":1,"href":"https:\/\/jornalrotadomar.com.br\/news\/wp-json\/wp\/v2\/posts\/18438\/revisions"}],"predecessor-version":[{"id":18440,"href":"https:\/\/jornalrotadomar.com.br\/news\/wp-json\/wp\/v2\/posts\/18438\/revisions\/18440"}],"wp:featuredmedia":[{"embeddable":true,"href":"https:\/\/jornalrotadomar.com.br\/news\/wp-json\/wp\/v2\/media\/18439"}],"wp:attachment":[{"href":"https:\/\/jornalrotadomar.com.br\/news\/wp-json\/wp\/v2\/media?parent=18438"}],"wp:term":[{"taxonomy":"category","embeddable":true,"href":"https:\/\/jornalrotadomar.com.br\/news\/wp-json\/wp\/v2\/categories?post=18438"},{"taxonomy":"post_tag","embeddable":true,"href":"https:\/\/jornalrotadomar.com.br\/news\/wp-json\/wp\/v2\/tags?post=18438"}],"curies":[{"name":"wp","href":"https:\/\/api.w.org\/{rel}","templated":true}]}}