{"id":18441,"date":"2026-08-31T18:28:44","date_gmt":"2026-08-31T21:28:44","guid":{"rendered":"https:\/\/jornalrotadomar.com.br\/news\/?p=18441"},"modified":"2026-08-31T18:28:44","modified_gmt":"2026-08-31T21:28:44","slug":"semana-da-patria-inicia-nesta-terca-feira-em-osorio-com-solenidade-na-esplanada-das-bandeiras","status":"publish","type":"post","link":"https:\/\/jornalrotadomar.com.br\/news\/2026\/08\/31\/semana-da-patria-inicia-nesta-terca-feira-em-osorio-com-solenidade-na-esplanada-das-bandeiras\/","title":{"rendered":"Semana da P\u00e1tria inicia nesta ter\u00e7a-feira em Os\u00f3rio com solenidade na Esplanada das Bandeiras"},"content":{"rendered":"\n<p class=\"wp-block-paragraph\">O tradicional Desfile C\u00edvico vai ocorrer no pr\u00f3ximo dia 7, \u00e0s 15h<\/p>\n\n\n\n<p class=\"wp-block-paragraph\">O Dia da Independ\u00eancia do Brasil, comemorado em 7 de setembro, no munic\u00edpio de Os\u00f3rio, ser\u00e1 festejado com homenagens e o tradicional Desfile C\u00edvico. A abertura oficial da Semana da P\u00e1tria ser\u00e1 nesta ter\u00e7a-feira (1\u00ba\/09), com uma solenidade na Esplanada das Bandeiras, localizada na pra\u00e7a Ant\u00f4nio Stenzel Filho, \u00e0s 9h, com o hasteamento das bandeiras, execu\u00e7\u00e3o dos hinos e a entrega de certificados aos homenageados desta edi\u00e7\u00e3o. Na ocasi\u00e3o, tamb\u00e9m ocorre a jun\u00e7\u00e3o das centelhas da Chama Crioula com a do Fogo Simb\u00f3lico da P\u00e1tria, na pira do local. Neste ano, o tema nacional \u00e9 \u201cOs Sete Povos das Miss\u00f5es\u201d e o estadual, a Pol\u00edcia Civil.<\/p>\n\n\n\n<p class=\"wp-block-paragraph\">O Desfile C\u00edvico ser\u00e1 realizado na pr\u00f3xima segunda-feira (07\/09), \u00e0s 15h, na Rua Marechal Floriano e deve reunir cerca de 70 entidades, destas, 66 j\u00e1 confirmaram presen\u00e7a. Uma das atra\u00e7\u00f5es ser\u00e1 a participa\u00e7\u00e3o da Escola de M\u00fasica do munic\u00edpio de Imb\u00e9, Guaracyra Ramos Kraemer, de alunos-soldados da Escola de Forma\u00e7\u00e3o e Especializa\u00e7\u00e3o da Brigada Militar, com instrumentos musicais e tamb\u00e9m a Banda Municipal de Os\u00f3rio.<\/p>\n\n\n\n<p class=\"wp-block-paragraph\">J\u00e1 entre os homenageados municipais, os destaques entre as empresas s\u00e3o:<\/p>\n\n\n\n<ul class=\"wp-block-list\">\n<li>Acio &#8211; 95 anos;<\/li>\n\n\n\n<li>Supermercado Dalpiaz &#8211; 60 anos;<\/li>\n\n\n\n<li>Sesc Os\u00f3rio &#8211; 80 anos;<\/li>\n\n\n\n<li>Multiamb &#8211; 20 anos;<\/li>\n\n\n\n<li>Mercad\u00e3o dos \u00d3culos &#8211; 5 anos;<\/li>\n\n\n\n<li>Agropecu\u00e1ria Casa do Colono &#8211; 40 anos;<\/li>\n\n\n\n<li>Look Drive &#8211; 15 anos<\/li>\n\n\n\n<li>Oral Unic &#8211; 5 anos<\/li>\n\n\n\n<li>Angel J\u00f3ias &#8211; 5 anos<\/li>\n\n\n\n<li>Vargas Consultoria Contabilidade &#8211; 20 anos<\/li>\n\n\n\n<li>Escola de Nata\u00e7\u00e3o Peixinho Azul &#8211; 30 anos<\/li>\n\n\n\n<li>Cl\u00ednica Debastiani &#8211; 30 anos<\/li>\n\n\n\n<li>Funer\u00e1ria Portela &#8211; 35 anos<\/li>\n<\/ul>\n\n\n\n<p class=\"wp-block-paragraph\">Os homenageados na \u00e1rea de educa\u00e7\u00e3o s\u00e3o:<\/p>\n\n\n\n<ul class=\"wp-block-list\">\n<li>Escola Adventista (homenagem nacional) &#8211; 130 anos<\/li>\n\n\n\n<li>Escola Estadual Ildefonso Sim\u00f5es Lopes (Rural) &#8211; 75 anos<\/li>\n\n\n\n<li>E.E.I Sementinha &#8211; 40 anos<\/li>\n\n\n\n<li>E.M.E.F Jos\u00e9 Paulo da Silva &#8211; 40 anos<\/li>\n\n\n\n<li>E.M.E.F Osmany Ver\u00e1s &#8211; 35 anos<\/li>\n\n\n\n<li>E.M.E.I Laranjinha &#8211; 30 anos<\/li>\n\n\n\n<li>E.M.E.I. Para\u00edso da Crian\u00e7a \u2013 30 anos<\/li>\n\n\n\n<li>E.M.E.I Leonel Brizola &#8211; 15 anos<\/li>\n<\/ul>\n\n\n\n<p class=\"wp-block-paragraph\">A chegada da Chama Crioula em Os\u00f3rio, ocorreu no final da tarde da \u00faltima sexta-feira (28\/08), conduzida pelo tradicionalista e membro da 23\u00aa Regi\u00e3o Tradicionalista, Edson Sana. Cavalarianos acompanharam a chegada e o vice-prefeito de Os\u00f3rio, Ed Moraes, recepcionou o grupo. A Chama Crioula percorreu ruas centrais e depois foi conduzida ao Parque de Rodeios Jorge Dariva. A programa\u00e7\u00e3o da Semana da P\u00e1tria \u00e9 uma realiza\u00e7\u00e3o da prefeitura de Os\u00f3rio, por meio da secretaria municipal de Desenvolvimento, Turismo, Cultura e Juventude, em conjunto com a Liga da Defesa Nacional e 23\u00aa Regi\u00e3o Tradicionalista e demais entidades participantes.<\/p>\n\n\n\n<p class=\"wp-block-paragraph\">Fonte\/Foto: ASCOM PMO<\/p>\n","protected":false},"excerpt":{"rendered":"<p>O tradicional Desfile C\u00edvico vai ocorrer no pr\u00f3ximo dia 7, \u00e0s 15h O Dia da<\/p>\n","protected":false},"author":1,"featured_media":18442,"comment_status":"open","ping_status":"open","sticky":false,"template":"","format":"standard","meta":{"footnotes":""},"categories":[36,39],"tags":[],"class_list":["post-18441","post","type-post","status-publish","format-standard","has-post-thumbnail","hentry","category-litoral-norte","category-osorio"],"_links":{"self":[{"href":"https:\/\/jornalrotadomar.com.br\/news\/wp-json\/wp\/v2\/posts\/18441","targetHints":{"allow":["GET"]}}],"collection":[{"href":"https:\/\/jornalrotadomar.com.br\/news\/wp-json\/wp\/v2\/posts"}],"about":[{"href":"https:\/\/jornalrotadomar.com.br\/news\/wp-json\/wp\/v2\/types\/post"}],"author":[{"embeddable":true,"href":"https:\/\/jornalrotadomar.com.br\/news\/wp-json\/wp\/v2\/users\/1"}],"replies":[{"embeddable":true,"href":"https:\/\/jornalrotadomar.com.br\/news\/wp-json\/wp\/v2\/comments?post=18441"}],"version-history":[{"count":1,"href":"https:\/\/jornalrotadomar.com.br\/news\/wp-json\/wp\/v2\/posts\/18441\/revisions"}],"predecessor-version":[{"id":18443,"href":"https:\/\/jornalrotadomar.com.br\/news\/wp-json\/wp\/v2\/posts\/18441\/revisions\/18443"}],"wp:featuredmedia":[{"embeddable":true,"href":"https:\/\/jornalrotadomar.com.br\/news\/wp-json\/wp\/v2\/media\/18442"}],"wp:attachment":[{"href":"https:\/\/jornalrotadomar.com.br\/news\/wp-json\/wp\/v2\/media?parent=18441"}],"wp:term":[{"taxonomy":"category","embeddable":true,"href":"https:\/\/jornalrotadomar.com.br\/news\/wp-json\/wp\/v2\/categories?post=18441"},{"taxonomy":"post_tag","embeddable":true,"href":"https:\/\/jornalrotadomar.com.br\/news\/wp-json\/wp\/v2\/tags?post=18441"}],"curies":[{"name":"wp","href":"https:\/\/api.w.org\/{rel}","templated":true}]}}