{"id":18447,"date":"2026-09-01T07:39:49","date_gmt":"2026-09-01T10:39:49","guid":{"rendered":"https:\/\/jornalrotadomar.com.br\/news\/?p=18447"},"modified":"2026-09-01T07:39:49","modified_gmt":"2026-09-01T10:39:49","slug":"motorista-morre-apos-caminhao-tombar-na-ers-486-em-itati","status":"publish","type":"post","link":"https:\/\/jornalrotadomar.com.br\/news\/2026\/09\/01\/motorista-morre-apos-caminhao-tombar-na-ers-486-em-itati\/","title":{"rendered":"Motorista morre ap\u00f3s caminh\u00e3o tombar na ERS-486, em Itati"},"content":{"rendered":"\n<p class=\"wp-block-paragraph\">Um homem morreu ap\u00f3s o tombamento de um caminh\u00e3o na tarde de segunda-feira (31\/08), no km 8 da ERS-486, em Itati, no Litoral Norte.<\/p>\n\n\n\n<p class=\"wp-block-paragraph\">Conforme informa\u00e7\u00f5es do Grupo Rodovi\u00e1rio de Torres, o caminh\u00e3o, que tracionava um semirreboque, seguia no sentido S\u00e3o Francisco de Paula\u2013Terra de Areia quando, por motivos ainda desconhecidos, o motorista perdeu o controle da dire\u00e7\u00e3o e o ve\u00edculo tombou sobre a pista.<\/p>\n\n\n\n<p class=\"wp-block-paragraph\">O condutor foi encontrado sem vida no local. Segundo as informa\u00e7\u00f5es da ocorr\u00eancia, nenhum outro ve\u00edculo esteve envolvido no acidente.<\/p>\n\n\n\n<figure class=\"wp-block-image size-large\"><img fetchpriority=\"high\" decoding=\"async\" width=\"1024\" height=\"768\" src=\"https:\/\/jornalrotadomar.com.br\/news\/wp-content\/uploads\/2026\/09\/WhatsApp-Image-2026-08-31-at-21.22.13-1024x768.jpeg\" alt=\"\" class=\"wp-image-18449\" srcset=\"https:\/\/jornalrotadomar.com.br\/news\/wp-content\/uploads\/2026\/09\/WhatsApp-Image-2026-08-31-at-21.22.13-1024x768.jpeg 1024w, https:\/\/jornalrotadomar.com.br\/news\/wp-content\/uploads\/2026\/09\/WhatsApp-Image-2026-08-31-at-21.22.13-300x225.jpeg 300w, https:\/\/jornalrotadomar.com.br\/news\/wp-content\/uploads\/2026\/09\/WhatsApp-Image-2026-08-31-at-21.22.13-768x576.jpeg 768w, https:\/\/jornalrotadomar.com.br\/news\/wp-content\/uploads\/2026\/09\/WhatsApp-Image-2026-08-31-at-21.22.13-1536x1152.jpeg 1536w, https:\/\/jornalrotadomar.com.br\/news\/wp-content\/uploads\/2026\/09\/WhatsApp-Image-2026-08-31-at-21.22.13-720x540.jpeg 720w, https:\/\/jornalrotadomar.com.br\/news\/wp-content\/uploads\/2026\/09\/WhatsApp-Image-2026-08-31-at-21.22.13.jpeg 1600w\" sizes=\"(max-width: 1024px) 100vw, 1024px\" \/><\/figure>\n\n\n\n<p class=\"wp-block-paragraph\">Equipes do Corpo de Bombeiros atenderam a ocorr\u00eancia. O Instituto-Geral de Per\u00edcias (IGP) foi acionado para os procedimentos necess\u00e1rios, e a Delegacia de Pol\u00edcia de Terra de Areia tamb\u00e9m foi comunicada.<\/p>\n\n\n\n<p class=\"wp-block-paragraph\">Durante o atendimento, o tr\u00e2nsito ficou em meia pista e operou no sistema \u201cSiga e Pare\u201d, com sinaliza\u00e7\u00e3o no trecho para orientar os motoristas.<\/p>\n\n\n\n<p class=\"wp-block-paragraph\">As circunst\u00e2ncias que provocaram o tombamento dever\u00e3o ser apuradas.<\/p>\n\n\n\n<p class=\"wp-block-paragraph\">Fonte\/Foto: Grupo Rodovi\u00e1rio de Torres \u2013 Soldado Cristina<\/p>\n","protected":false},"excerpt":{"rendered":"<p>Um homem morreu ap\u00f3s o tombamento de um caminh\u00e3o na tarde de segunda-feira (31\/08), no<\/p>\n","protected":false},"author":1,"featured_media":18448,"comment_status":"open","ping_status":"open","sticky":false,"template":"","format":"standard","meta":{"footnotes":""},"categories":[36,31],"tags":[],"class_list":["post-18447","post","type-post","status-publish","format-standard","has-post-thumbnail","hentry","category-litoral-norte","category-policia"],"_links":{"self":[{"href":"https:\/\/jornalrotadomar.com.br\/news\/wp-json\/wp\/v2\/posts\/18447","targetHints":{"allow":["GET"]}}],"collection":[{"href":"https:\/\/jornalrotadomar.com.br\/news\/wp-json\/wp\/v2\/posts"}],"about":[{"href":"https:\/\/jornalrotadomar.com.br\/news\/wp-json\/wp\/v2\/types\/post"}],"author":[{"embeddable":true,"href":"https:\/\/jornalrotadomar.com.br\/news\/wp-json\/wp\/v2\/users\/1"}],"replies":[{"embeddable":true,"href":"https:\/\/jornalrotadomar.com.br\/news\/wp-json\/wp\/v2\/comments?post=18447"}],"version-history":[{"count":1,"href":"https:\/\/jornalrotadomar.com.br\/news\/wp-json\/wp\/v2\/posts\/18447\/revisions"}],"predecessor-version":[{"id":18450,"href":"https:\/\/jornalrotadomar.com.br\/news\/wp-json\/wp\/v2\/posts\/18447\/revisions\/18450"}],"wp:featuredmedia":[{"embeddable":true,"href":"https:\/\/jornalrotadomar.com.br\/news\/wp-json\/wp\/v2\/media\/18448"}],"wp:attachment":[{"href":"https:\/\/jornalrotadomar.com.br\/news\/wp-json\/wp\/v2\/media?parent=18447"}],"wp:term":[{"taxonomy":"category","embeddable":true,"href":"https:\/\/jornalrotadomar.com.br\/news\/wp-json\/wp\/v2\/categories?post=18447"},{"taxonomy":"post_tag","embeddable":true,"href":"https:\/\/jornalrotadomar.com.br\/news\/wp-json\/wp\/v2\/tags?post=18447"}],"curies":[{"name":"wp","href":"https:\/\/api.w.org\/{rel}","templated":true}]}}