{"id":18452,"date":"2026-09-01T07:51:14","date_gmt":"2026-09-01T10:51:14","guid":{"rendered":"https:\/\/jornalrotadomar.com.br\/news\/?p=18452"},"modified":"2026-09-01T07:51:14","modified_gmt":"2026-09-01T10:51:14","slug":"motorista-morre-apos-caminhao-tombar-na-freeway-em-santo-antonio-da-patrulha","status":"publish","type":"post","link":"https:\/\/jornalrotadomar.com.br\/news\/2026\/09\/01\/motorista-morre-apos-caminhao-tombar-na-freeway-em-santo-antonio-da-patrulha\/","title":{"rendered":"Motorista morre ap\u00f3s caminh\u00e3o tombar na Freeway, em Santo Ant\u00f4nio da Patrulha"},"content":{"rendered":"\n<p class=\"wp-block-paragraph\">Um motorista de 53 anos morreu ap\u00f3s o caminh\u00e3o que conduzia tombar na manh\u00e3 desta ter\u00e7a-feira (1\u00ba\/09), na BR-290 (Freeway), em Santo Ant\u00f4nio da Patrulha.<\/p>\n\n\n\n<p class=\"wp-block-paragraph\">O acidente ocorreu por volta das 5h15, no km 27 da rodovia, no sentido Litoral\u2013Capital. O ve\u00edculo envolvido \u00e9 um caminh\u00e3o Ford Cargo 2422, com placas de Maracaj\u00e1, em Santa Catarina.<\/p>\n\n\n\n<p class=\"wp-block-paragraph\">Uma ambul\u00e2ncia da concession\u00e1ria ViaSul esteve no local e prestou atendimento \u00e0 ocorr\u00eancia. Apesar do socorro, o condutor n\u00e3o resistiu e teve o \u00f3bito constatado.<\/p>\n\n\n\n<p class=\"wp-block-paragraph\">Durante o atendimento, as faixas 1 e 3 ficaram bloqueadas no sentido Litoral\u2013Capital, exigindo aten\u00e7\u00e3o dos motoristas que trafegavam pelo trecho.<\/p>\n\n\n\n<p class=\"wp-block-paragraph\">At\u00e9 o momento, n\u00e3o foram divulgadas informa\u00e7\u00f5es sobre as circunst\u00e2ncias que provocaram o tombamento.<\/p>\n\n\n\n<p class=\"wp-block-paragraph\">Fonte: Pol\u00edcia Rodovi\u00e1ria Federal (PRF)<\/p>\n\n\n\n<p class=\"wp-block-paragraph\">Foto: Lucas Filho \/ Jovem Pan<\/p>\n\n\n\n<p class=\"wp-block-paragraph\"><\/p>\n\n\n\n<p class=\"wp-block-paragraph\"><\/p>\n\n\n\n<p class=\"wp-block-paragraph\"><\/p>\n\n\n\n<p class=\"wp-block-paragraph\"><\/p>\n","protected":false},"excerpt":{"rendered":"<p>Um motorista de 53 anos morreu ap\u00f3s o caminh\u00e3o que conduzia tombar na manh\u00e3 desta<\/p>\n","protected":false},"author":1,"featured_media":18453,"comment_status":"open","ping_status":"open","sticky":false,"template":"","format":"standard","meta":{"footnotes":""},"categories":[36,31,44],"tags":[],"class_list":["post-18452","post","type-post","status-publish","format-standard","has-post-thumbnail","hentry","category-litoral-norte","category-policia","category-santo-antonio-da-patrulha"],"_links":{"self":[{"href":"https:\/\/jornalrotadomar.com.br\/news\/wp-json\/wp\/v2\/posts\/18452","targetHints":{"allow":["GET"]}}],"collection":[{"href":"https:\/\/jornalrotadomar.com.br\/news\/wp-json\/wp\/v2\/posts"}],"about":[{"href":"https:\/\/jornalrotadomar.com.br\/news\/wp-json\/wp\/v2\/types\/post"}],"author":[{"embeddable":true,"href":"https:\/\/jornalrotadomar.com.br\/news\/wp-json\/wp\/v2\/users\/1"}],"replies":[{"embeddable":true,"href":"https:\/\/jornalrotadomar.com.br\/news\/wp-json\/wp\/v2\/comments?post=18452"}],"version-history":[{"count":1,"href":"https:\/\/jornalrotadomar.com.br\/news\/wp-json\/wp\/v2\/posts\/18452\/revisions"}],"predecessor-version":[{"id":18454,"href":"https:\/\/jornalrotadomar.com.br\/news\/wp-json\/wp\/v2\/posts\/18452\/revisions\/18454"}],"wp:featuredmedia":[{"embeddable":true,"href":"https:\/\/jornalrotadomar.com.br\/news\/wp-json\/wp\/v2\/media\/18453"}],"wp:attachment":[{"href":"https:\/\/jornalrotadomar.com.br\/news\/wp-json\/wp\/v2\/media?parent=18452"}],"wp:term":[{"taxonomy":"category","embeddable":true,"href":"https:\/\/jornalrotadomar.com.br\/news\/wp-json\/wp\/v2\/categories?post=18452"},{"taxonomy":"post_tag","embeddable":true,"href":"https:\/\/jornalrotadomar.com.br\/news\/wp-json\/wp\/v2\/tags?post=18452"}],"curies":[{"name":"wp","href":"https:\/\/api.w.org\/{rel}","templated":true}]}}