{"id":18456,"date":"2026-09-01T12:44:01","date_gmt":"2026-09-01T15:44:01","guid":{"rendered":"https:\/\/jornalrotadomar.com.br\/news\/?p=18456"},"modified":"2026-09-01T12:44:01","modified_gmt":"2026-09-01T15:44:01","slug":"inicia-a-semana-da-patria-em-osorio","status":"publish","type":"post","link":"https:\/\/jornalrotadomar.com.br\/news\/2026\/09\/01\/inicia-a-semana-da-patria-em-osorio\/","title":{"rendered":"Inicia a Semana da P\u00e1tria em Os\u00f3rio"},"content":{"rendered":"\n<p class=\"wp-block-paragraph\">A Esplanada das Bandeiras, na pra\u00e7a Ant\u00f4nio Stenzel Filho, no centro de Os\u00f3rio, foi o local da abertura oficial da Semana da P\u00e1tria, no munic\u00edpio, nesta ter\u00e7a-feira (01\u00ba\/09). Autoridades municipais, militares, entidades homenageadas participaram da solenidade que contou com o acendimento da Pira da P\u00e1tria, hasteamento das bandeiras, execu\u00e7\u00e3o dos hinos e a entrega de certificados. A Pira foi acesa com a jun\u00e7\u00e3o das centelhas do Fogo Simb\u00f3lico da P\u00e1tria e da Chama Crioula, levadas ao local por membros da Liga da Defesa Nacional e cavalarianos da 23\u00aa Regi\u00e3o Tradicionalista.<\/p>\n\n\n\n<p class=\"wp-block-paragraph\">\u201c\u00c9 um momento importante, teremos a sua culmin\u00e2ncia no Desfile C\u00edvico, na pr\u00f3xima segunda-feira, j\u00e1 temos mais de 60 entidades confirmadas. S\u00e3o celebra\u00e7\u00f5es que se fazem para homenagear a nossa P\u00e1tria e os seus valores somos todos n\u00f3s, quem empreende, trabalha, presta servi\u00e7os, quem cria as condi\u00e7\u00f5es para o pa\u00eds prosperar e criar o bem-estar para todos\u201d, disse o prefeito de Os\u00f3rio, Romildo Bolzan J\u00fanior, que participou da entrega dos certificados aos homenageados municipais. J\u00e1 a homenagem nacional s\u00e3o os 400 anos das Miss\u00f5es Jesu\u00edticas e estadual, a Pol\u00edcia Civil.<\/p>\n\n\n\n<p class=\"wp-block-paragraph\">O Desfile C\u00edvico ser\u00e1 realizado na pr\u00f3xima segunda-feira (07\/09), \u00e0s 15h, na Rua Marechal Floriano e deve reunir cerca de 70 entidades, destas, 66 j\u00e1 confirmaram presen\u00e7a. Uma das atra\u00e7\u00f5es ser\u00e1 a participa\u00e7\u00e3o da Escola de M\u00fasica do munic\u00edpio de Imb\u00e9, Guaracyra Ramos Kraemer, de alunos-soldados da Escola de Forma\u00e7\u00e3o e Especializa\u00e7\u00e3o da Brigada Militar, com instrumentos musicais e tamb\u00e9m a Banda Municipal de Os\u00f3rio. A programa\u00e7\u00e3o da Semana da P\u00e1tria \u00e9 uma realiza\u00e7\u00e3o da prefeitura de Os\u00f3rio, por meio da secretaria municipal de Desenvolvimento, Turismo, Cultura e Juventude, em conjunto com a Liga da Defesa Nacional e 23\u00aa Regi\u00e3o Tradicionalista e demais entidades participantes.<\/p>\n\n\n\n<p class=\"wp-block-paragraph\">J\u00e1 entre os homenageados municipais, os destaques entre as empresas s\u00e3o:<\/p>\n\n\n\n<ul class=\"wp-block-list\">\n<li>Acio &#8211; 95 anos;<\/li>\n\n\n\n<li>Supermercado Dalpiaz &#8211; 60 anos;<\/li>\n\n\n\n<li>Sesc Os\u00f3rio &#8211; 80 anos;<\/li>\n\n\n\n<li>Multiamb &#8211; 20 anos;<\/li>\n\n\n\n<li>Mercad\u00e3o dos \u00d3culos &#8211; 5 anos;<\/li>\n\n\n\n<li>Agropecu\u00e1ria Casa do Colono &#8211; 40 anos;<\/li>\n\n\n\n<li>Look Drive &#8211; 15 anos<\/li>\n\n\n\n<li>Oral Unic &#8211; 5 anos<\/li>\n\n\n\n<li>Angel J\u00f3ias &#8211; 5 anos<\/li>\n\n\n\n<li>Vargas Consultoria Contabilidade &#8211; 20 anos<\/li>\n\n\n\n<li>Escola de Nata\u00e7\u00e3o Peixinho Azul &#8211; 30 anos<\/li>\n\n\n\n<li>Cl\u00ednica Debastiani &#8211; 30 anos<\/li>\n\n\n\n<li>Funer\u00e1ria Portela &#8211; 35 anos<\/li>\n<\/ul>\n\n\n\n<p class=\"wp-block-paragraph\">Os homenageados na \u00e1rea de educa\u00e7\u00e3o s\u00e3o:<\/p>\n\n\n\n<ul class=\"wp-block-list\">\n<li>Escola Adventista (homenagem nacional) &#8211; 130 anos<\/li>\n\n\n\n<li>Escola Estadual Ildefonso Sim\u00f5es Lopes (Rural) &#8211; 75 anos<\/li>\n\n\n\n<li>E.E.I Sementinha &#8211; 40 anos<\/li>\n\n\n\n<li>E.M.E.F Jos\u00e9 Paulo da Silva &#8211; 40 anos<\/li>\n\n\n\n<li>E.M.E.F Osmany Ver\u00e1s &#8211; 35 anos<\/li>\n\n\n\n<li>E.M.E.I Laranjinha &#8211; 30 anos<\/li>\n\n\n\n<li>E.M.E.I. Para\u00edso da Crian\u00e7a \u2013 30 anos<\/li>\n\n\n\n<li>E.M.E.I Leonel Brizola &#8211; 15 anos<br><\/li>\n<\/ul>\n\n\n\n<p class=\"wp-block-paragraph\">Fonte\/Fotos: Ascom PMO<\/p>\n","protected":false},"excerpt":{"rendered":"<p>A Esplanada das Bandeiras, na pra\u00e7a Ant\u00f4nio Stenzel Filho, no centro de Os\u00f3rio, foi o<\/p>\n","protected":false},"author":1,"featured_media":18457,"comment_status":"open","ping_status":"open","sticky":false,"template":"","format":"standard","meta":{"footnotes":""},"categories":[36,39],"tags":[],"class_list":["post-18456","post","type-post","status-publish","format-standard","has-post-thumbnail","hentry","category-litoral-norte","category-osorio"],"_links":{"self":[{"href":"https:\/\/jornalrotadomar.com.br\/news\/wp-json\/wp\/v2\/posts\/18456","targetHints":{"allow":["GET"]}}],"collection":[{"href":"https:\/\/jornalrotadomar.com.br\/news\/wp-json\/wp\/v2\/posts"}],"about":[{"href":"https:\/\/jornalrotadomar.com.br\/news\/wp-json\/wp\/v2\/types\/post"}],"author":[{"embeddable":true,"href":"https:\/\/jornalrotadomar.com.br\/news\/wp-json\/wp\/v2\/users\/1"}],"replies":[{"embeddable":true,"href":"https:\/\/jornalrotadomar.com.br\/news\/wp-json\/wp\/v2\/comments?post=18456"}],"version-history":[{"count":1,"href":"https:\/\/jornalrotadomar.com.br\/news\/wp-json\/wp\/v2\/posts\/18456\/revisions"}],"predecessor-version":[{"id":18458,"href":"https:\/\/jornalrotadomar.com.br\/news\/wp-json\/wp\/v2\/posts\/18456\/revisions\/18458"}],"wp:featuredmedia":[{"embeddable":true,"href":"https:\/\/jornalrotadomar.com.br\/news\/wp-json\/wp\/v2\/media\/18457"}],"wp:attachment":[{"href":"https:\/\/jornalrotadomar.com.br\/news\/wp-json\/wp\/v2\/media?parent=18456"}],"wp:term":[{"taxonomy":"category","embeddable":true,"href":"https:\/\/jornalrotadomar.com.br\/news\/wp-json\/wp\/v2\/categories?post=18456"},{"taxonomy":"post_tag","embeddable":true,"href":"https:\/\/jornalrotadomar.com.br\/news\/wp-json\/wp\/v2\/tags?post=18456"}],"curies":[{"name":"wp","href":"https:\/\/api.w.org\/{rel}","templated":true}]}}