{"id":18459,"date":"2026-09-01T16:51:15","date_gmt":"2026-09-01T19:51:15","guid":{"rendered":"https:\/\/jornalrotadomar.com.br\/news\/?p=18459"},"modified":"2026-09-01T16:51:16","modified_gmt":"2026-09-01T19:51:16","slug":"estudantes-de-osorio-conquistam-medalha-de-cristal-na-olimpiada-nacional-em-historia-do-brasil","status":"publish","type":"post","link":"https:\/\/jornalrotadomar.com.br\/news\/2026\/09\/01\/estudantes-de-osorio-conquistam-medalha-de-cristal-na-olimpiada-nacional-em-historia-do-brasil\/","title":{"rendered":"Estudantes de Os\u00f3rio conquistam medalha de cristal na Olimp\u00edada Nacional em Hist\u00f3ria do Brasil"},"content":{"rendered":"\n<p class=\"wp-block-paragraph\">Os estudantes Davi de Oliveira, Ariane Firme Moro e Lucas Griebeler, da Escola Municipal de Ensino Fundamental \u00c2ngelo Gamba, de Os\u00f3rio, s\u00e3o orgulho para toda a comunidade escolar e para o munic\u00edpio. A equipe conquistou a medalha de cristal na Olimp\u00edada Nacional em Hist\u00f3ria do Brasil (ONHB), ap\u00f3s j\u00e1 ter alcan\u00e7ado a medalha de ouro na etapa estadual. A competi\u00e7\u00e3o nacional ocorreu nos dias 29 e 30 de agosto, em Campinas, no estado de S\u00e3o Paulo e ocorreu numa das principais universidades paulistas, a Unicamp.<\/p>\n\n\n\n<p class=\"wp-block-paragraph\">Orientados pelo professor de Hist\u00f3ria Marcos Evaldt, os estudantes osoriesnes participaram da competi\u00e7\u00e3o nacional, que teve in\u00edcio com, aproximadamente, 250 mil estudantes de todo o Brasil. Na etapa final, neste final de semana, chegaram 354 equipes, reunindo cerca de mil estudantes. Segundo o secret\u00e1rio municipal de Educa\u00e7\u00e3o, Marcelo Reis, a conquista demonstra o talento, a dedica\u00e7\u00e3o e o compromisso dos estudantes e tamb\u00e9m evidencia a qualidade do trabalho desenvolvido pelos profissionais da educa\u00e7\u00e3o da rede municipal de Os\u00f3rio.<\/p>\n\n\n\n<p class=\"wp-block-paragraph\">\u201cComo secret\u00e1rio de Educa\u00e7\u00e3o, quero parabenizar o Davi, a Ariane e o Lucas por essa conquista extraordin\u00e1ria. Estendo os parab\u00e9ns ao professor Marcos Evaldt, pelo trabalho e pela dedica\u00e7\u00e3o na orienta\u00e7\u00e3o da equipe, ao diretor Everton Kauer e a toda a comunidade da Escola \u00c2ngelo Gamba. Resultados como este mostram que, quando oferecemos oportunidades e acreditamos no potencial dos nossos estudantes, eles podem alcan\u00e7ar os maiores espa\u00e7os. \u00c9 um orgulho para Os\u00f3rio ver nossos alunos representando t\u00e3o bem o munic\u00edpio em uma competi\u00e7\u00e3o nacional. Parab\u00e9ns, campe\u00f5es!\u201d, destaca Marcelo.<\/p>\n\n\n\n<p class=\"wp-block-paragraph\">Fonte\/Foto: Ascom PMO<\/p>\n","protected":false},"excerpt":{"rendered":"<p>Os estudantes Davi de Oliveira, Ariane Firme Moro e Lucas Griebeler, da Escola Municipal de<\/p>\n","protected":false},"author":1,"featured_media":18460,"comment_status":"open","ping_status":"open","sticky":false,"template":"","format":"standard","meta":{"footnotes":""},"categories":[47,36,39],"tags":[],"class_list":["post-18459","post","type-post","status-publish","format-standard","has-post-thumbnail","hentry","category-educacao","category-litoral-norte","category-osorio"],"_links":{"self":[{"href":"https:\/\/jornalrotadomar.com.br\/news\/wp-json\/wp\/v2\/posts\/18459","targetHints":{"allow":["GET"]}}],"collection":[{"href":"https:\/\/jornalrotadomar.com.br\/news\/wp-json\/wp\/v2\/posts"}],"about":[{"href":"https:\/\/jornalrotadomar.com.br\/news\/wp-json\/wp\/v2\/types\/post"}],"author":[{"embeddable":true,"href":"https:\/\/jornalrotadomar.com.br\/news\/wp-json\/wp\/v2\/users\/1"}],"replies":[{"embeddable":true,"href":"https:\/\/jornalrotadomar.com.br\/news\/wp-json\/wp\/v2\/comments?post=18459"}],"version-history":[{"count":1,"href":"https:\/\/jornalrotadomar.com.br\/news\/wp-json\/wp\/v2\/posts\/18459\/revisions"}],"predecessor-version":[{"id":18461,"href":"https:\/\/jornalrotadomar.com.br\/news\/wp-json\/wp\/v2\/posts\/18459\/revisions\/18461"}],"wp:featuredmedia":[{"embeddable":true,"href":"https:\/\/jornalrotadomar.com.br\/news\/wp-json\/wp\/v2\/media\/18460"}],"wp:attachment":[{"href":"https:\/\/jornalrotadomar.com.br\/news\/wp-json\/wp\/v2\/media?parent=18459"}],"wp:term":[{"taxonomy":"category","embeddable":true,"href":"https:\/\/jornalrotadomar.com.br\/news\/wp-json\/wp\/v2\/categories?post=18459"},{"taxonomy":"post_tag","embeddable":true,"href":"https:\/\/jornalrotadomar.com.br\/news\/wp-json\/wp\/v2\/tags?post=18459"}],"curies":[{"name":"wp","href":"https:\/\/api.w.org\/{rel}","templated":true}]}}