{"id":18462,"date":"2026-09-01T17:00:43","date_gmt":"2026-09-01T20:00:43","guid":{"rendered":"https:\/\/jornalrotadomar.com.br\/news\/?p=18462"},"modified":"2026-09-01T17:00:43","modified_gmt":"2026-09-01T20:00:43","slug":"caminho-da-santinha-segue-interditado-por-risco-de-queda-de-pedras-em-torres","status":"publish","type":"post","link":"https:\/\/jornalrotadomar.com.br\/news\/2026\/09\/01\/caminho-da-santinha-segue-interditado-por-risco-de-queda-de-pedras-em-torres\/","title":{"rendered":"Caminho da Santinha segue interditado por risco de queda de pedras em Torres"},"content":{"rendered":"\n<p class=\"has-text-align-center wp-block-paragraph\"><em>Bloqueio no Morro do Farol \u00e9 mantido de forma preventiva enquanto equipes realizam estudos t\u00e9cnicos no local<\/em><\/p>\n\n\n\n<p class=\"wp-block-paragraph\">O Caminho da Santinha, em Torres, segue interditado devido ao risco de queda de pedras no Morro do Farol. A informa\u00e7\u00e3o foi refor\u00e7ada pela Prefeitura e pela Defesa Civil nesta ter\u00e7a-feira (1\u00ba\/09).<\/p>\n\n\n\n<p class=\"wp-block-paragraph\">De acordo com o munic\u00edpio, a interdi\u00e7\u00e3o \u00e9 uma medida preventiva para garantir a seguran\u00e7a de moradores e visitantes. Equipes das secretarias municipais do Meio Ambiente e de Planejamento realizam estudos t\u00e9cnicos para avaliar as condi\u00e7\u00f5es e a estrutura do local.<\/p>\n\n\n\n<p class=\"wp-block-paragraph\">Enquanto permanecer o bloqueio, a orienta\u00e7\u00e3o \u00e9 para que a popula\u00e7\u00e3o n\u00e3o acesse a \u00e1rea interditada e respeite a sinaliza\u00e7\u00e3o instalada no local. A Prefeitura recomenda que moradores e turistas optem por outros pontos da orla para atividades de lazer e passeio.<\/p>\n\n\n\n<p class=\"wp-block-paragraph\">Ainda n\u00e3o h\u00e1 previs\u00e3o para a libera\u00e7\u00e3o do Caminho da Santinha. Conforme a administra\u00e7\u00e3o municipal, a reabertura ocorrer\u00e1 somente ap\u00f3s as avalia\u00e7\u00f5es t\u00e9cnicas indicarem que existem condi\u00e7\u00f5es seguras para o acesso.<\/p>\n\n\n\n<p class=\"wp-block-paragraph\">Fonte\/Foto: Prefeitura de Torres \/ Defesa Civil<\/p>\n","protected":false},"excerpt":{"rendered":"<p>Bloqueio no Morro do Farol \u00e9 mantido de forma preventiva enquanto equipes realizam estudos t\u00e9cnicos<\/p>\n","protected":false},"author":1,"featured_media":18463,"comment_status":"open","ping_status":"open","sticky":false,"template":"","format":"standard","meta":{"footnotes":""},"categories":[36,43],"tags":[],"class_list":["post-18462","post","type-post","status-publish","format-standard","has-post-thumbnail","hentry","category-litoral-norte","category-torres"],"_links":{"self":[{"href":"https:\/\/jornalrotadomar.com.br\/news\/wp-json\/wp\/v2\/posts\/18462","targetHints":{"allow":["GET"]}}],"collection":[{"href":"https:\/\/jornalrotadomar.com.br\/news\/wp-json\/wp\/v2\/posts"}],"about":[{"href":"https:\/\/jornalrotadomar.com.br\/news\/wp-json\/wp\/v2\/types\/post"}],"author":[{"embeddable":true,"href":"https:\/\/jornalrotadomar.com.br\/news\/wp-json\/wp\/v2\/users\/1"}],"replies":[{"embeddable":true,"href":"https:\/\/jornalrotadomar.com.br\/news\/wp-json\/wp\/v2\/comments?post=18462"}],"version-history":[{"count":1,"href":"https:\/\/jornalrotadomar.com.br\/news\/wp-json\/wp\/v2\/posts\/18462\/revisions"}],"predecessor-version":[{"id":18464,"href":"https:\/\/jornalrotadomar.com.br\/news\/wp-json\/wp\/v2\/posts\/18462\/revisions\/18464"}],"wp:featuredmedia":[{"embeddable":true,"href":"https:\/\/jornalrotadomar.com.br\/news\/wp-json\/wp\/v2\/media\/18463"}],"wp:attachment":[{"href":"https:\/\/jornalrotadomar.com.br\/news\/wp-json\/wp\/v2\/media?parent=18462"}],"wp:term":[{"taxonomy":"category","embeddable":true,"href":"https:\/\/jornalrotadomar.com.br\/news\/wp-json\/wp\/v2\/categories?post=18462"},{"taxonomy":"post_tag","embeddable":true,"href":"https:\/\/jornalrotadomar.com.br\/news\/wp-json\/wp\/v2\/tags?post=18462"}],"curies":[{"name":"wp","href":"https:\/\/api.w.org\/{rel}","templated":true}]}}