{"id":18468,"date":"2026-09-02T13:26:11","date_gmt":"2026-09-02T16:26:11","guid":{"rendered":"https:\/\/jornalrotadomar.com.br\/news\/?p=18468"},"modified":"2026-09-02T13:27:56","modified_gmt":"2026-09-02T16:27:56","slug":"atlantida-sul-tera-primeira-edicao-do-acampamento-farroupilha-em-setembro","status":"publish","type":"post","link":"https:\/\/jornalrotadomar.com.br\/news\/2026\/09\/02\/atlantida-sul-tera-primeira-edicao-do-acampamento-farroupilha-em-setembro\/","title":{"rendered":"Atl\u00e2ntida Sul ter\u00e1 primeira edi\u00e7\u00e3o do Acampamento Farroupilha em setembro"},"content":{"rendered":"\n<p class=\"has-text-align-center wp-block-paragraph\"><em>Evento gratuito acontece de 18 a 20 de setembro e ter\u00e1 shows, atividades culturais, oficinas e costel\u00e3o comunit\u00e1rio<\/em><\/p>\n\n\n\n<p class=\"wp-block-paragraph\">Atl\u00e2ntida Sul, em Os\u00f3rio, recebe entre os dias 18 e 20 de setembro a primeira edi\u00e7\u00e3o do Acampamento Farroupilha. O evento ser\u00e1 realizado no Campo de Futebol da Pra\u00e7a da Integra\u00e7\u00e3o, com entrada gratuita durante os tr\u00eas dias de programa\u00e7\u00e3o.<\/p>\n\n\n\n<p class=\"wp-block-paragraph\">Promovido pela Associa\u00e7\u00e3o SOMAR Atl\u00e2ntida Sul, o evento contar\u00e1 com shows de \u00cdndio Rufino, Est\u00e2ncia Gaud\u00e9ria e Jo\u00e3o Paulo e Grupo, al\u00e9m de atividades voltadas \u00e0 valoriza\u00e7\u00e3o da cultura e das tradi\u00e7\u00f5es ga\u00fachas.<\/p>\n\n\n\n<p class=\"wp-block-paragraph\">A programa\u00e7\u00e3o tamb\u00e9m inclui oficina de n\u00f3 de len\u00e7o com Pedro Morais, demonstra\u00e7\u00e3o de la\u00e7o pelo Piquete Matias Velho e apresenta\u00e7\u00e3o da invernada Xiru, do Grupo de Artes de Tradi\u00e7\u00e3o de Xangri-L\u00e1. Outra atividade ser\u00e1 a roda de conversa \u201cMulheres em A\u00e7\u00e3o: Vida Campeira na \u00c9poca dos Farrapos\u201d.<\/p>\n\n\n\n<p class=\"wp-block-paragraph\">No domingo (20\/09), uma das principais atra\u00e7\u00f5es ser\u00e1 o Costel\u00e3o Comunit\u00e1rio, preparado com a participa\u00e7\u00e3o das entidades envolvidas na organiza\u00e7\u00e3o. A proposta \u00e9 promover um momento de integra\u00e7\u00e3o entre moradores, fam\u00edlias e visitantes.<\/p>\n\n\n\n<p class=\"wp-block-paragraph\">A constru\u00e7\u00e3o do primeiro Acampamento Farroupilha come\u00e7ou em abril deste ano, quando foram abertas reuni\u00f5es com a comunidade para o planejamento do evento. O processo reuniu entidades de Atl\u00e2ntida Sul, Mari\u00e1polis e Vila Verde com o objetivo de desenvolver uma programa\u00e7\u00e3o ligada \u00e0 cultura ga\u00facha e fortalecer a integra\u00e7\u00e3o entre as comunidades.<\/p>\n\n\n\n<p class=\"wp-block-paragraph\">A iniciativa conta com apoio da Prefeitura de Os\u00f3rio, por meio da Secretaria Municipal de Desenvolvimento, Turismo, Cultura e Juventude, da Subprefeitura de Atl\u00e2ntida Sul e de diferentes entidades e grupos locais.<\/p>\n\n\n\n<p class=\"wp-block-paragraph\">O Acampamento Farroupilha \u00e9 aberto a moradores, fam\u00edlias, veranistas e visitantes do Litoral Norte.<\/p>\n\n\n\n<p class=\"wp-block-paragraph\"><strong>Servi\u00e7o<\/strong><\/p>\n\n\n\n<p class=\"wp-block-paragraph\"><strong>O qu\u00ea:<\/strong> 1\u00ba Acampamento Farroupilha de Atl\u00e2ntida Sul<br><strong>Quando:<\/strong> 18, 19 e 20 de setembro de 2026<br><strong>Onde:<\/strong> Campo de Futebol da Pra\u00e7a da Integra\u00e7\u00e3o, em Atl\u00e2ntida Sul \u2013 Os\u00f3rio<br><strong>Entrada:<\/strong> gratuita<br><strong>Shows:<\/strong> \u00cdndio Rufino, Est\u00e2ncia Gaud\u00e9ria e Jo\u00e3o Paulo e Grupo<br><strong>Informa\u00e7\u00f5es:<\/strong> (51) 99884-4619 | <a href=\"mailto:secretaria@somarats.com.br\">secretaria@somarats.com.br<\/a><\/p>\n\n\n\n<p class=\"wp-block-paragraph\">Fonte: Associa\u00e7\u00e3o SOMAR Atl\u00e2ntida Sul<\/p>\n","protected":false},"excerpt":{"rendered":"<p>Evento gratuito acontece de 18 a 20 de setembro e ter\u00e1 shows, atividades culturais, oficinas<\/p>\n","protected":false},"author":1,"featured_media":18469,"comment_status":"open","ping_status":"open","sticky":false,"template":"","format":"standard","meta":{"footnotes":""},"categories":[55,36],"tags":[],"class_list":["post-18468","post","type-post","status-publish","format-standard","has-post-thumbnail","hentry","category-atlantida-sul","category-litoral-norte"],"_links":{"self":[{"href":"https:\/\/jornalrotadomar.com.br\/news\/wp-json\/wp\/v2\/posts\/18468","targetHints":{"allow":["GET"]}}],"collection":[{"href":"https:\/\/jornalrotadomar.com.br\/news\/wp-json\/wp\/v2\/posts"}],"about":[{"href":"https:\/\/jornalrotadomar.com.br\/news\/wp-json\/wp\/v2\/types\/post"}],"author":[{"embeddable":true,"href":"https:\/\/jornalrotadomar.com.br\/news\/wp-json\/wp\/v2\/users\/1"}],"replies":[{"embeddable":true,"href":"https:\/\/jornalrotadomar.com.br\/news\/wp-json\/wp\/v2\/comments?post=18468"}],"version-history":[{"count":2,"href":"https:\/\/jornalrotadomar.com.br\/news\/wp-json\/wp\/v2\/posts\/18468\/revisions"}],"predecessor-version":[{"id":18471,"href":"https:\/\/jornalrotadomar.com.br\/news\/wp-json\/wp\/v2\/posts\/18468\/revisions\/18471"}],"wp:featuredmedia":[{"embeddable":true,"href":"https:\/\/jornalrotadomar.com.br\/news\/wp-json\/wp\/v2\/media\/18469"}],"wp:attachment":[{"href":"https:\/\/jornalrotadomar.com.br\/news\/wp-json\/wp\/v2\/media?parent=18468"}],"wp:term":[{"taxonomy":"category","embeddable":true,"href":"https:\/\/jornalrotadomar.com.br\/news\/wp-json\/wp\/v2\/categories?post=18468"},{"taxonomy":"post_tag","embeddable":true,"href":"https:\/\/jornalrotadomar.com.br\/news\/wp-json\/wp\/v2\/tags?post=18468"}],"curies":[{"name":"wp","href":"https:\/\/api.w.org\/{rel}","templated":true}]}}