{"id":18472,"date":"2026-09-02T13:33:04","date_gmt":"2026-09-02T16:33:04","guid":{"rendered":"https:\/\/jornalrotadomar.com.br\/news\/?p=18472"},"modified":"2026-09-02T13:33:05","modified_gmt":"2026-09-02T16:33:05","slug":"diocese-de-osorio-orienta-paroquias-sobre-comunicacao-e-uso-de-inteligencia-artificial","status":"publish","type":"post","link":"https:\/\/jornalrotadomar.com.br\/news\/2026\/09\/02\/diocese-de-osorio-orienta-paroquias-sobre-comunicacao-e-uso-de-inteligencia-artificial\/","title":{"rendered":"Diocese de Os\u00f3rio orienta par\u00f3quias sobre comunica\u00e7\u00e3o e uso de Intelig\u00eancia Artificial"},"content":{"rendered":"\n<p class=\"wp-block-paragraph\">A Diocese de Os\u00f3rio divulgou orienta\u00e7\u00f5es \u00e0s par\u00f3quias, pastorais, movimentos e lideran\u00e7as sobre a organiza\u00e7\u00e3o da comunica\u00e7\u00e3o eclesial e o uso da Intelig\u00eancia Artificial. O documento \u00e9 assinado pelo bispo diocesano, Dom Jaime Pedro Kohl, e destaca a import\u00e2ncia da comunica\u00e7\u00e3o como instrumento de evangeliza\u00e7\u00e3o, integra\u00e7\u00e3o e fortalecimento dos v\u00ednculos entre as comunidades.<\/p>\n\n\n\n<p class=\"wp-block-paragraph\">Entre as orienta\u00e7\u00f5es est\u00e1 o fortalecimento da Pastoral da Comunica\u00e7\u00e3o (Pascom) nas par\u00f3quias. Conforme o documento, o trabalho da pastoral n\u00e3o deve ficar restrito ao registro de celebra\u00e7\u00f5es, fotografias ou publica\u00e7\u00e3o de avisos nas redes sociais, mas atuar de maneira integrada com as demais pastorais, movimentos e comunidades.<\/p>\n\n\n\n<p class=\"wp-block-paragraph\">Atualmente, a Pascom est\u00e1 presente e atuante em 17 das 23 par\u00f3quias da Diocese de Os\u00f3rio. Nas comunidades onde a pastoral ainda n\u00e3o est\u00e1 estruturada, a orienta\u00e7\u00e3o \u00e9 que p\u00e1rocos e lideran\u00e7as busquem apoio da Coordena\u00e7\u00e3o Diocesana da Pascom para auxiliar na implanta\u00e7\u00e3o e organiza\u00e7\u00e3o das equipes.<\/p>\n\n\n\n<p class=\"wp-block-paragraph\">No \u00e2mbito diocesano, a Assessoria de Comunica\u00e7\u00e3o (Ascom) permanece respons\u00e1vel pela articula\u00e7\u00e3o e desenvolvimento da comunica\u00e7\u00e3o institucional da Diocese. Coordenadores diocesanos de pastorais, movimentos, servi\u00e7os e organismos s\u00e3o orientados a encaminhar as demandas de divulga\u00e7\u00e3o \u00e0 assessoria, mantendo o fluxo de comunica\u00e7\u00e3o j\u00e1 estabelecido.<\/p>\n\n\n\n<h2 class=\"wp-block-heading\">Diocese orienta sobre uso de Intelig\u00eancia Artificial<\/h2>\n\n\n\n<p class=\"wp-block-paragraph\">Outro ponto abordado \u00e9 a utiliza\u00e7\u00e3o da Intelig\u00eancia Artificial (IA) na produ\u00e7\u00e3o de conte\u00fados. A Diocese esclarece que n\u00e3o pro\u00edbe o uso da tecnologia, reconhecendo que as ferramentas podem contribuir para o trabalho de comunica\u00e7\u00e3o. No entanto, recomenda que a utiliza\u00e7\u00e3o seja feita com responsabilidade, modera\u00e7\u00e3o e discernimento.<\/p>\n\n\n\n<p class=\"wp-block-paragraph\">A orienta\u00e7\u00e3o \u00e9 para que lideran\u00e7as evitem produzir por conta pr\u00f3pria materiais oficiais destinados aos canais paroquiais ou diocesanos utilizando indiscriminadamente ferramentas de IA, sem di\u00e1logo com as equipes respons\u00e1veis pela comunica\u00e7\u00e3o.<\/p>\n\n\n\n<p class=\"wp-block-paragraph\">Demandas relacionadas \u00e0 divulga\u00e7\u00e3o de eventos, projetos e demais iniciativas devem ser encaminhadas \u00e0 Pascom da respectiva par\u00f3quia ou \u00e0 Ascom, no caso de a\u00e7\u00f5es de \u00e2mbito diocesano.<\/p>\n\n\n\n<p class=\"wp-block-paragraph\">Ao tratar do tema, Dom Jaime tamb\u00e9m faz refer\u00eancia \u00e0 mensagem do Papa Le\u00e3o XIV sobre a necessidade de preservar rostos e vozes humanas diante do avan\u00e7o da Intelig\u00eancia Artificial. A orienta\u00e7\u00e3o refor\u00e7a que as novas tecnologias devem permanecer a servi\u00e7o das pessoas e n\u00e3o substituir aspectos como criatividade, sensibilidade, escuta e relacionamento humano.<\/p>\n\n\n\n<p class=\"wp-block-paragraph\">Para a Diocese, a comunica\u00e7\u00e3o eclesial deve ir al\u00e9m da transmiss\u00e3o de informa\u00e7\u00f5es, buscando promover participa\u00e7\u00e3o, di\u00e1logo e comunh\u00e3o entre as diferentes comunidades.<\/p>\n\n\n\n<p class=\"wp-block-paragraph\">\u201cComunicar \u00e9 tamb\u00e9m evangelizar\u201d, destaca o bispo no documento, ao refor\u00e7ar que not\u00edcias, fotografias, v\u00eddeos, convites e demais publica\u00e7\u00f5es podem contribuir para aproximar as pessoas da comunidade e da miss\u00e3o da Igreja.<\/p>\n\n\n\n<p class=\"wp-block-paragraph\">Fonte: Diocese de Os\u00f3rio \u2013 Dom Jaime Pedro Kohl, bispo diocesano<\/p>\n","protected":false},"excerpt":{"rendered":"<p>A Diocese de Os\u00f3rio divulgou orienta\u00e7\u00f5es \u00e0s par\u00f3quias, pastorais, movimentos e lideran\u00e7as sobre a organiza\u00e7\u00e3o<\/p>\n","protected":false},"author":1,"featured_media":18473,"comment_status":"open","ping_status":"open","sticky":false,"template":"","format":"standard","meta":{"footnotes":""},"categories":[34],"tags":[],"class_list":["post-18472","post","type-post","status-publish","format-standard","has-post-thumbnail","hentry","category-social"],"_links":{"self":[{"href":"https:\/\/jornalrotadomar.com.br\/news\/wp-json\/wp\/v2\/posts\/18472","targetHints":{"allow":["GET"]}}],"collection":[{"href":"https:\/\/jornalrotadomar.com.br\/news\/wp-json\/wp\/v2\/posts"}],"about":[{"href":"https:\/\/jornalrotadomar.com.br\/news\/wp-json\/wp\/v2\/types\/post"}],"author":[{"embeddable":true,"href":"https:\/\/jornalrotadomar.com.br\/news\/wp-json\/wp\/v2\/users\/1"}],"replies":[{"embeddable":true,"href":"https:\/\/jornalrotadomar.com.br\/news\/wp-json\/wp\/v2\/comments?post=18472"}],"version-history":[{"count":1,"href":"https:\/\/jornalrotadomar.com.br\/news\/wp-json\/wp\/v2\/posts\/18472\/revisions"}],"predecessor-version":[{"id":18474,"href":"https:\/\/jornalrotadomar.com.br\/news\/wp-json\/wp\/v2\/posts\/18472\/revisions\/18474"}],"wp:featuredmedia":[{"embeddable":true,"href":"https:\/\/jornalrotadomar.com.br\/news\/wp-json\/wp\/v2\/media\/18473"}],"wp:attachment":[{"href":"https:\/\/jornalrotadomar.com.br\/news\/wp-json\/wp\/v2\/media?parent=18472"}],"wp:term":[{"taxonomy":"category","embeddable":true,"href":"https:\/\/jornalrotadomar.com.br\/news\/wp-json\/wp\/v2\/categories?post=18472"},{"taxonomy":"post_tag","embeddable":true,"href":"https:\/\/jornalrotadomar.com.br\/news\/wp-json\/wp\/v2\/tags?post=18472"}],"curies":[{"name":"wp","href":"https:\/\/api.w.org\/{rel}","templated":true}]}}