{"id":18479,"date":"2026-09-02T14:31:57","date_gmt":"2026-09-02T17:31:57","guid":{"rendered":"https:\/\/jornalrotadomar.com.br\/news\/?p=18479"},"modified":"2026-09-02T14:31:57","modified_gmt":"2026-09-02T17:31:57","slug":"27a-quadra-da-sesmaria-da-poesia-gaucha-sera-realizada-no-dia-12-em-osorio","status":"publish","type":"post","link":"https:\/\/jornalrotadomar.com.br\/news\/2026\/09\/02\/27a-quadra-da-sesmaria-da-poesia-gaucha-sera-realizada-no-dia-12-em-osorio\/","title":{"rendered":"27\u00aa Quadra da Sesmaria da Poesia Ga\u00facha ser\u00e1 realizada no dia 12 em Os\u00f3rio"},"content":{"rendered":"\n<p class=\"has-text-align-center wp-block-paragraph\"><em>Evento reunir\u00e1 poesia, declama\u00e7\u00e3o e m\u00fasica durante a programa\u00e7\u00e3o da Semana Farroupilha<\/em><\/p>\n\n\n\n<p class=\"wp-block-paragraph\">A cultura e a literatura ga\u00facha estar\u00e3o em destaque no pr\u00f3ximo dia 12 de setembro, com a realiza\u00e7\u00e3o da 27\u00aa Quadra da Sesmaria da Poesia Ga\u00facha, em Os\u00f3rio. O concurso de poesia e declama\u00e7\u00e3o acontece a partir das 20h, na C\u00e2mara de Vereadores, reunindo compositores, m\u00fasicos e declamadores de diferentes cidades do Rio Grande do Sul.<\/p>\n\n\n\n<p class=\"wp-block-paragraph\">A edi\u00e7\u00e3o deste ano recebeu 481 poemas inscritos, dos quais dez foram selecionados para a apresenta\u00e7\u00e3o na noite do evento. Sem um tema espec\u00edfico, o concurso possibilitou aos participantes abordar diferentes aspectos da cultura, das experi\u00eancias e do universo ga\u00facho.<\/p>\n\n\n\n<p class=\"wp-block-paragraph\">A 27\u00aa Quadra tamb\u00e9m prestar\u00e1 homenagem a \u00c9rico Machado Bastos, um dos fundadores da Sesmaria da Poesia Ga\u00facha e integrante da trajet\u00f3ria de constru\u00e7\u00e3o do evento.<\/p>\n\n\n\n<p class=\"wp-block-paragraph\">A apresenta\u00e7\u00e3o ficar\u00e1 a cargo de Pedro Junior Lemos da Fontoura. Os trabalhos ser\u00e3o avaliados por M\u00e1rio Tressoldi, Valdemar Camargo e Rodrigo Canani Medeiros. Durante o intervalo, haver\u00e1 apresenta\u00e7\u00e3o musical de Pedro Guerra Pimentel e Cassiano Mendes.<\/p>\n\n\n\n<h3 class=\"wp-block-heading\">Poemas selecionados<\/h3>\n\n\n\n<p class=\"wp-block-paragraph\">Os dez trabalhos classificados para a 27\u00aa Quadra s\u00e3o:<\/p>\n\n\n\n<ol class=\"wp-block-list\">\n<li>O Labirinto de Vidro, de Bianca Bergman;<\/li>\n\n\n\n<li>Metido a Fac\u00e3o sem Cabo, de C\u00e2ndido Brasil;<\/li>\n\n\n\n<li>Da Mesma Lua, de Luiz Eduardo Lima;<\/li>\n\n\n\n<li>Contando Estrelas, de Mateus Neves da Fontoura;<\/li>\n\n\n\n<li>A Poeira do Meu Chap\u00e9u, de Rafael Ferreira;<\/li>\n\n\n\n<li>R\u00e9stia de Sonhos, de Edson Spode;<\/li>\n\n\n\n<li>Arroubo, de Jeferson Monteiro;<\/li>\n\n\n\n<li>Com Cismas de Despedida, de Joseti Gomes;<\/li>\n\n\n\n<li>Esses Homens, de Guilherme Collares;<\/li>\n\n\n\n<li>Caminharemos, de Matheus Costa.<\/li>\n<\/ol>\n\n\n\n<p class=\"wp-block-paragraph\">O evento integra as atividades da Semana Farroupilha de Os\u00f3rio e ser\u00e1 transmitido pela WebTVSAP.<\/p>\n\n\n\n<p class=\"wp-block-paragraph\">A 27\u00aa Quadra da Sesmaria da Poesia Ga\u00facha \u00e9 realizada pela Associa\u00e7\u00e3o Cultural Sesmaria, com apoio da Prefeitura de Os\u00f3rio, por meio da Secretaria Municipal de Desenvolvimento, Turismo, Cultura e Juventude.<\/p>\n\n\n\n<p class=\"wp-block-paragraph\">Fonte\/Foto: Ascom PMO<\/p>\n","protected":false},"excerpt":{"rendered":"<p>Evento reunir\u00e1 poesia, declama\u00e7\u00e3o e m\u00fasica durante a programa\u00e7\u00e3o da Semana Farroupilha A cultura e<\/p>\n","protected":false},"author":1,"featured_media":18480,"comment_status":"open","ping_status":"open","sticky":false,"template":"","format":"standard","meta":{"footnotes":""},"categories":[36,39],"tags":[],"class_list":["post-18479","post","type-post","status-publish","format-standard","has-post-thumbnail","hentry","category-litoral-norte","category-osorio"],"_links":{"self":[{"href":"https:\/\/jornalrotadomar.com.br\/news\/wp-json\/wp\/v2\/posts\/18479","targetHints":{"allow":["GET"]}}],"collection":[{"href":"https:\/\/jornalrotadomar.com.br\/news\/wp-json\/wp\/v2\/posts"}],"about":[{"href":"https:\/\/jornalrotadomar.com.br\/news\/wp-json\/wp\/v2\/types\/post"}],"author":[{"embeddable":true,"href":"https:\/\/jornalrotadomar.com.br\/news\/wp-json\/wp\/v2\/users\/1"}],"replies":[{"embeddable":true,"href":"https:\/\/jornalrotadomar.com.br\/news\/wp-json\/wp\/v2\/comments?post=18479"}],"version-history":[{"count":1,"href":"https:\/\/jornalrotadomar.com.br\/news\/wp-json\/wp\/v2\/posts\/18479\/revisions"}],"predecessor-version":[{"id":18481,"href":"https:\/\/jornalrotadomar.com.br\/news\/wp-json\/wp\/v2\/posts\/18479\/revisions\/18481"}],"wp:featuredmedia":[{"embeddable":true,"href":"https:\/\/jornalrotadomar.com.br\/news\/wp-json\/wp\/v2\/media\/18480"}],"wp:attachment":[{"href":"https:\/\/jornalrotadomar.com.br\/news\/wp-json\/wp\/v2\/media?parent=18479"}],"wp:term":[{"taxonomy":"category","embeddable":true,"href":"https:\/\/jornalrotadomar.com.br\/news\/wp-json\/wp\/v2\/categories?post=18479"},{"taxonomy":"post_tag","embeddable":true,"href":"https:\/\/jornalrotadomar.com.br\/news\/wp-json\/wp\/v2\/tags?post=18479"}],"curies":[{"name":"wp","href":"https:\/\/api.w.org\/{rel}","templated":true}]}}