{"id":18486,"date":"2026-09-02T14:52:11","date_gmt":"2026-09-02T17:52:11","guid":{"rendered":"https:\/\/jornalrotadomar.com.br\/news\/?p=18486"},"modified":"2026-09-02T14:52:11","modified_gmt":"2026-09-02T17:52:11","slug":"corsan-apresenta-projeto-para-ampliar-rede-de-abastecimento-de-agua-em-capao-novo","status":"publish","type":"post","link":"https:\/\/jornalrotadomar.com.br\/news\/2026\/09\/02\/corsan-apresenta-projeto-para-ampliar-rede-de-abastecimento-de-agua-em-capao-novo\/","title":{"rendered":"Corsan apresenta projeto para ampliar rede de abastecimento de \u00e1gua em Cap\u00e3o Novo"},"content":{"rendered":"\n<p class=\"wp-block-paragraph\">A Corsan apresentou, na \u00faltima ter\u00e7a-feira, 1\u00ba, \u00e0 Prefeitura de Cap\u00e3o da Canoa, o projeto para implanta\u00e7\u00e3o de redes de distribui\u00e7\u00e3o de \u00e1gua nos Postos 5 e 6 do Balne\u00e1rio Cap\u00e3o Novo. O encontro reuniu representantes da Companhia e do munic\u00edpio para detalhar as interven\u00e7\u00f5es previstas. O in\u00edcio das obras est\u00e1 programado para a pr\u00f3xima semana.<\/p>\n\n\n\n<p class=\"wp-block-paragraph\">O projeto prev\u00ea a implanta\u00e7\u00e3o de aproximadamente 15 quil\u00f4metros de redes de abastecimento, com investimento de cerca de R$1,5 milh\u00e3o.<\/p>\n\n\n\n<p class=\"wp-block-paragraph\">Segundo o gerente de Rela\u00e7\u00f5es Institucionais da Corsan, Luciano Brand\u00e3o, a apresenta\u00e7\u00e3o do projeto ao poder p\u00fablico \u00e9 importante para alinhar as etapas da interven\u00e7\u00e3o e atender \u00e0s demandas do munic\u00edpio. \u201cEstamos trabalhando em conjunto com a Prefeitura para ampliar o acesso \u00e0 \u00e1gua tratada e atender \u00e0s necessidades de expans\u00e3o de Cap\u00e3o da Canoa. O di\u00e1logo com o poder p\u00fablico permite alinhar as a\u00e7\u00f5es e acompanhar de perto cada etapa dos investimentos previstos para o munic\u00edpio\u201d, destaca.<\/p>\n\n\n\n<p class=\"wp-block-paragraph\">A obra integra o conjunto de investimentos da Corsan voltado \u00e0 universaliza\u00e7\u00e3o do saneamento b\u00e1sico, conforme a meta estabelecida pelo Marco Legal do Saneamento. At\u00e9 o final de 2033, 99% da popula\u00e7\u00e3o dever\u00e1 ter acesso \u00e0 \u00e1gua pot\u00e1vel e 90%, \u00e0 coleta e ao tratamento de esgoto.<\/p>\n\n\n\n<p class=\"wp-block-paragraph\">Fonte\/Foto: Comunica\u00e7\u00e3o Social da Corsan<\/p>\n","protected":false},"excerpt":{"rendered":"<p>A Corsan apresentou, na \u00faltima ter\u00e7a-feira, 1\u00ba, \u00e0 Prefeitura de Cap\u00e3o da Canoa, o projeto<\/p>\n","protected":false},"author":1,"featured_media":18487,"comment_status":"open","ping_status":"open","sticky":false,"template":"","format":"standard","meta":{"footnotes":""},"categories":[38,36],"tags":[],"class_list":["post-18486","post","type-post","status-publish","format-standard","has-post-thumbnail","hentry","category-capao-da-canoa","category-litoral-norte"],"_links":{"self":[{"href":"https:\/\/jornalrotadomar.com.br\/news\/wp-json\/wp\/v2\/posts\/18486","targetHints":{"allow":["GET"]}}],"collection":[{"href":"https:\/\/jornalrotadomar.com.br\/news\/wp-json\/wp\/v2\/posts"}],"about":[{"href":"https:\/\/jornalrotadomar.com.br\/news\/wp-json\/wp\/v2\/types\/post"}],"author":[{"embeddable":true,"href":"https:\/\/jornalrotadomar.com.br\/news\/wp-json\/wp\/v2\/users\/1"}],"replies":[{"embeddable":true,"href":"https:\/\/jornalrotadomar.com.br\/news\/wp-json\/wp\/v2\/comments?post=18486"}],"version-history":[{"count":1,"href":"https:\/\/jornalrotadomar.com.br\/news\/wp-json\/wp\/v2\/posts\/18486\/revisions"}],"predecessor-version":[{"id":18488,"href":"https:\/\/jornalrotadomar.com.br\/news\/wp-json\/wp\/v2\/posts\/18486\/revisions\/18488"}],"wp:featuredmedia":[{"embeddable":true,"href":"https:\/\/jornalrotadomar.com.br\/news\/wp-json\/wp\/v2\/media\/18487"}],"wp:attachment":[{"href":"https:\/\/jornalrotadomar.com.br\/news\/wp-json\/wp\/v2\/media?parent=18486"}],"wp:term":[{"taxonomy":"category","embeddable":true,"href":"https:\/\/jornalrotadomar.com.br\/news\/wp-json\/wp\/v2\/categories?post=18486"},{"taxonomy":"post_tag","embeddable":true,"href":"https:\/\/jornalrotadomar.com.br\/news\/wp-json\/wp\/v2\/tags?post=18486"}],"curies":[{"name":"wp","href":"https:\/\/api.w.org\/{rel}","templated":true}]}}