{"id":18492,"date":"2026-09-03T09:21:53","date_gmt":"2026-09-03T12:21:53","guid":{"rendered":"https:\/\/jornalrotadomar.com.br\/news\/?p=18492"},"modified":"2026-09-03T09:23:06","modified_gmt":"2026-09-03T12:23:06","slug":"brigada-militar-apreende-drogas-veiculos-e-drone-no-bairro-vila-verde-em-osorio","status":"publish","type":"post","link":"https:\/\/jornalrotadomar.com.br\/news\/2026\/09\/03\/brigada-militar-apreende-drogas-veiculos-e-drone-no-bairro-vila-verde-em-osorio\/","title":{"rendered":"Brigada Militar apreende drogas, ve\u00edculos e drone no bairro Vila Verde, em Os\u00f3rio"},"content":{"rendered":"\n<p class=\"has-text-align-center wp-block-paragraph\"><em>A\u00e7\u00e3o da For\u00e7a T\u00e1tica ocorreu ap\u00f3s suspeitos fugirem de uma resid\u00eancia apontada como local de comercializa\u00e7\u00e3o de entorpecentes<\/em><\/p>\n\n\n\n<p class=\"wp-block-paragraph\">Drogas, ve\u00edculos e outros materiais relacionados ao tr\u00e1fico de entorpecentes foram apreendidos pela Brigada Militar na quarta-feira (02\/09), no bairro Vila Verde, em Os\u00f3rio.<\/p>\n\n\n\n<p class=\"wp-block-paragraph\">Segundo o 8\u00ba Batalh\u00e3o de Pol\u00edcia Militar (8\u00ba BPM), policiais militares da For\u00e7a T\u00e1tica realizavam patrulhamento t\u00e1tico quando visualizaram indiv\u00edduos em frente a uma resid\u00eancia conhecida pela comercializa\u00e7\u00e3o de drogas. Com a aproxima\u00e7\u00e3o da equipe, diversas pessoas fugiram do local.<\/p>\n\n\n\n<p class=\"wp-block-paragraph\">Durante a a\u00e7\u00e3o, os policiais apreenderam 28 por\u00e7\u00f5es de maconha, uma por\u00e7\u00e3o de coca\u00edna e uma balan\u00e7a de precis\u00e3o. Tamb\u00e9m foram recolhidos materiais utilizados para embalar entorpecentes e dois aparelhos celulares.<\/p>\n\n\n\n<p class=\"wp-block-paragraph\">Entre os objetos apreendidos estavam ainda um drone, um controle e tr\u00eas baterias para o equipamento, al\u00e9m de duas motocicletas e um autom\u00f3vel. No interior de um dos ve\u00edculos, os policiais localizaram uma muni\u00e7\u00e3o calibre .38.<\/p>\n\n\n\n<p class=\"wp-block-paragraph\">Um dos indiv\u00edduos foi identificado. Conforme a Brigada Militar, ele possui antecedentes por tr\u00e1fico e posse de entorpecentes, al\u00e9m de dirigir sem habilita\u00e7\u00e3o.<\/p>\n\n\n\n<p class=\"wp-block-paragraph\">A ocorr\u00eancia foi atendida pela For\u00e7a T\u00e1tica do 8\u00ba BPM.<\/p>\n\n\n\n<p class=\"wp-block-paragraph\">Fonte\/Foto: Comunica\u00e7\u00e3o Social do 8\u00ba BPM<\/p>\n\n\n\n<figure class=\"wp-block-image size-large\"><img fetchpriority=\"high\" decoding=\"async\" width=\"1024\" height=\"747\" src=\"https:\/\/jornalrotadomar.com.br\/news\/wp-content\/uploads\/2026\/09\/WhatsApp-Image-2026-09-02-at-21.39.06-1024x747.jpeg\" alt=\"\" class=\"wp-image-18495\" srcset=\"https:\/\/jornalrotadomar.com.br\/news\/wp-content\/uploads\/2026\/09\/WhatsApp-Image-2026-09-02-at-21.39.06-1024x747.jpeg 1024w, https:\/\/jornalrotadomar.com.br\/news\/wp-content\/uploads\/2026\/09\/WhatsApp-Image-2026-09-02-at-21.39.06-300x219.jpeg 300w, https:\/\/jornalrotadomar.com.br\/news\/wp-content\/uploads\/2026\/09\/WhatsApp-Image-2026-09-02-at-21.39.06-767x559.jpeg 767w, https:\/\/jornalrotadomar.com.br\/news\/wp-content\/uploads\/2026\/09\/WhatsApp-Image-2026-09-02-at-21.39.06.jpeg 1170w\" sizes=\"(max-width: 1024px) 100vw, 1024px\" \/><\/figure>\n","protected":false},"excerpt":{"rendered":"<p>A\u00e7\u00e3o da For\u00e7a T\u00e1tica ocorreu ap\u00f3s suspeitos fugirem de uma resid\u00eancia apontada como local de<\/p>\n","protected":false},"author":1,"featured_media":18493,"comment_status":"open","ping_status":"open","sticky":false,"template":"","format":"standard","meta":{"footnotes":""},"categories":[36,39,31],"tags":[],"class_list":["post-18492","post","type-post","status-publish","format-standard","has-post-thumbnail","hentry","category-litoral-norte","category-osorio","category-policia"],"_links":{"self":[{"href":"https:\/\/jornalrotadomar.com.br\/news\/wp-json\/wp\/v2\/posts\/18492","targetHints":{"allow":["GET"]}}],"collection":[{"href":"https:\/\/jornalrotadomar.com.br\/news\/wp-json\/wp\/v2\/posts"}],"about":[{"href":"https:\/\/jornalrotadomar.com.br\/news\/wp-json\/wp\/v2\/types\/post"}],"author":[{"embeddable":true,"href":"https:\/\/jornalrotadomar.com.br\/news\/wp-json\/wp\/v2\/users\/1"}],"replies":[{"embeddable":true,"href":"https:\/\/jornalrotadomar.com.br\/news\/wp-json\/wp\/v2\/comments?post=18492"}],"version-history":[{"count":2,"href":"https:\/\/jornalrotadomar.com.br\/news\/wp-json\/wp\/v2\/posts\/18492\/revisions"}],"predecessor-version":[{"id":18496,"href":"https:\/\/jornalrotadomar.com.br\/news\/wp-json\/wp\/v2\/posts\/18492\/revisions\/18496"}],"wp:featuredmedia":[{"embeddable":true,"href":"https:\/\/jornalrotadomar.com.br\/news\/wp-json\/wp\/v2\/media\/18493"}],"wp:attachment":[{"href":"https:\/\/jornalrotadomar.com.br\/news\/wp-json\/wp\/v2\/media?parent=18492"}],"wp:term":[{"taxonomy":"category","embeddable":true,"href":"https:\/\/jornalrotadomar.com.br\/news\/wp-json\/wp\/v2\/categories?post=18492"},{"taxonomy":"post_tag","embeddable":true,"href":"https:\/\/jornalrotadomar.com.br\/news\/wp-json\/wp\/v2\/tags?post=18492"}],"curies":[{"name":"wp","href":"https:\/\/api.w.org\/{rel}","templated":true}]}}