{"id":18503,"date":"2026-09-03T10:51:37","date_gmt":"2026-09-03T13:51:37","guid":{"rendered":"https:\/\/jornalrotadomar.com.br\/news\/?p=18503"},"modified":"2026-09-03T10:51:37","modified_gmt":"2026-09-03T13:51:37","slug":"tramandai-recebe-competicao-internacional-de-patinacao-artistica-em-setembro","status":"publish","type":"post","link":"https:\/\/jornalrotadomar.com.br\/news\/2026\/09\/03\/tramandai-recebe-competicao-internacional-de-patinacao-artistica-em-setembro\/","title":{"rendered":"Tramanda\u00ed recebe competi\u00e7\u00e3o internacional de patina\u00e7\u00e3o art\u00edstica em setembro"},"content":{"rendered":"\n<p class=\"has-text-align-center wp-block-paragraph\"><em>Evento reunir\u00e1 atletas de cinco pa\u00edses e representantes de 27 clubes durante tr\u00eas dias de disputas no Centro de Eventos<\/em><\/p>\n\n\n\n<p class=\"wp-block-paragraph\">Tramanda\u00ed ser\u00e1 sede de uma competi\u00e7\u00e3o internacional de patina\u00e7\u00e3o art\u00edstica nos dias 18, 19 e 20 de setembro. O evento acontece no Centro de Eventos do munic\u00edpio e ter\u00e1 entrada gratuita para o p\u00fablico.<\/p>\n\n\n\n<p class=\"wp-block-paragraph\">A competi\u00e7\u00e3o reunir\u00e1 atletas e delega\u00e7\u00f5es de cinco pa\u00edses: Brasil, Argentina, Uruguai, Paraguai e Chile. Ao todo, 27 clubes estar\u00e3o representados, com disputas e apresenta\u00e7\u00f5es programadas para os turnos da manh\u00e3, tarde e noite.<\/p>\n\n\n\n<p class=\"wp-block-paragraph\">Al\u00e9m dos atletas, a organiza\u00e7\u00e3o espera receber t\u00e9cnicos, dirigentes, familiares e visitantes. A estimativa \u00e9 de que cerca de mil pessoas ou mais participem do evento ao longo dos tr\u00eas dias.<\/p>\n\n\n\n<p class=\"wp-block-paragraph\">A realiza\u00e7\u00e3o da competi\u00e7\u00e3o tamb\u00e9m deve movimentar outros setores do munic\u00edpio, principalmente a rede hoteleira, restaurantes, com\u00e9rcio e servi\u00e7os, devido \u00e0 presen\u00e7a das delega\u00e7\u00f5es e visitantes.<\/p>\n\n\n\n<p class=\"wp-block-paragraph\">A competi\u00e7\u00e3o \u00e9 promovida pela Rye Patins e pela EPAK \u2013 Escola de Patina\u00e7\u00e3o Andr\u00e9 Kasper, em parceria com a Prefeitura de Tramanda\u00ed, por meio das secretarias municipais de Esportes e de Turismo. O evento tamb\u00e9m conta com apoio da Central \u00danica das Favelas (CUFA).<\/p>\n\n\n\n<h3 class=\"wp-block-heading\">Servi\u00e7o<\/h3>\n\n\n\n<p class=\"wp-block-paragraph\"><strong>O qu\u00ea:<\/strong> Competi\u00e7\u00e3o Internacional de Patina\u00e7\u00e3o Art\u00edstica<br><strong>Quando:<\/strong> 18, 19 e 20 de setembro<br><strong>Onde:<\/strong> Centro de Eventos de Tramanda\u00ed<br><strong>Participantes:<\/strong> atletas de cinco pa\u00edses e 27 clubes<br><strong>Hor\u00e1rios:<\/strong> manh\u00e3, tarde e noite<br><strong>Entrada:<\/strong> gratuita<\/p>\n\n\n\n<p class=\"wp-block-paragraph\">Fonte\/Foto: Prefeitura de Tramanda\u00ed\/Divulga\u00e7\u00e3o<\/p>\n","protected":false},"excerpt":{"rendered":"<p>Evento reunir\u00e1 atletas de cinco pa\u00edses e representantes de 27 clubes durante tr\u00eas dias de<\/p>\n","protected":false},"author":1,"featured_media":18504,"comment_status":"open","ping_status":"open","sticky":false,"template":"","format":"standard","meta":{"footnotes":""},"categories":[36,42],"tags":[],"class_list":["post-18503","post","type-post","status-publish","format-standard","has-post-thumbnail","hentry","category-litoral-norte","category-tramandai"],"_links":{"self":[{"href":"https:\/\/jornalrotadomar.com.br\/news\/wp-json\/wp\/v2\/posts\/18503","targetHints":{"allow":["GET"]}}],"collection":[{"href":"https:\/\/jornalrotadomar.com.br\/news\/wp-json\/wp\/v2\/posts"}],"about":[{"href":"https:\/\/jornalrotadomar.com.br\/news\/wp-json\/wp\/v2\/types\/post"}],"author":[{"embeddable":true,"href":"https:\/\/jornalrotadomar.com.br\/news\/wp-json\/wp\/v2\/users\/1"}],"replies":[{"embeddable":true,"href":"https:\/\/jornalrotadomar.com.br\/news\/wp-json\/wp\/v2\/comments?post=18503"}],"version-history":[{"count":1,"href":"https:\/\/jornalrotadomar.com.br\/news\/wp-json\/wp\/v2\/posts\/18503\/revisions"}],"predecessor-version":[{"id":18505,"href":"https:\/\/jornalrotadomar.com.br\/news\/wp-json\/wp\/v2\/posts\/18503\/revisions\/18505"}],"wp:featuredmedia":[{"embeddable":true,"href":"https:\/\/jornalrotadomar.com.br\/news\/wp-json\/wp\/v2\/media\/18504"}],"wp:attachment":[{"href":"https:\/\/jornalrotadomar.com.br\/news\/wp-json\/wp\/v2\/media?parent=18503"}],"wp:term":[{"taxonomy":"category","embeddable":true,"href":"https:\/\/jornalrotadomar.com.br\/news\/wp-json\/wp\/v2\/categories?post=18503"},{"taxonomy":"post_tag","embeddable":true,"href":"https:\/\/jornalrotadomar.com.br\/news\/wp-json\/wp\/v2\/tags?post=18503"}],"curies":[{"name":"wp","href":"https:\/\/api.w.org\/{rel}","templated":true}]}}