{"id":18506,"date":"2026-09-03T13:14:51","date_gmt":"2026-09-03T16:14:51","guid":{"rendered":"https:\/\/jornalrotadomar.com.br\/news\/?p=18506"},"modified":"2026-09-03T13:28:15","modified_gmt":"2026-09-03T16:28:15","slug":"festa-em-louvor-a-nossa-senhora-do-rosario-e-festa-macambique-iniciam-no-proximo-dia-24-de-setembro-em-osorio","status":"publish","type":"post","link":"https:\/\/jornalrotadomar.com.br\/news\/2026\/09\/03\/festa-em-louvor-a-nossa-senhora-do-rosario-e-festa-macambique-iniciam-no-proximo-dia-24-de-setembro-em-osorio\/","title":{"rendered":"Festa em Louvor a Nossa Senhora do Ros\u00e1rio e Festa Ma\u00e7ambique iniciam no pr\u00f3ximo dia 24 de setembro em Os\u00f3rio"},"content":{"rendered":"\n<p class=\"wp-block-paragraph\">Uma tradi\u00e7\u00e3o secular afro-cat\u00f3lica do munic\u00edpio de Os\u00f3rio que une f\u00e9, heran\u00e7a quilombola e cultura popular. A Festa em Louvor a Nossa Senhora do Ros\u00e1rio, em virtude do per\u00edodo eleitoral, ser\u00e1 antecipada para esse m\u00eas, entre os dias 24 a 27 de setembro, em Os\u00f3rio. Al\u00e9m da programa\u00e7\u00e3o religiosa, ocorrer\u00e3o as atividades culturais do grupo Ma\u00e7ambique. A abertura da programa\u00e7\u00e3o religiosa inicia no dia 24 (quinta-feira), \u00e0s 19h, com o levantamento do mastro, ao lado da catedral de Os\u00f3rio. O casal de festeiros este ano \u00e9 Daniel Firmino da Silva e Ana Paula Ant\u00f4nio dos Santos. J\u00e1 a missa, ser\u00e1 no domingo (27\/09), \u00e0s 10h, seguida do almo\u00e7o festivo, \u00e0s 12h, no Sal\u00e3o Paroquial.<\/p>\n\n\n\n<p class=\"wp-block-paragraph\">J\u00e1 a programa\u00e7\u00e3o cultural, com o grupo Ma\u00e7ambique, vai ocorrer durante os dias de festa, no Sal\u00e3o Paroquial, ap\u00f3s os tr\u00edduos. No dia 24, quinta-feira, no Sal\u00e3o Paroquial, vai ocorrer, \u00e0s 18h, a apresenta\u00e7\u00e3o da Banda Quilombola Santa Terezinha, \u00e0s 20h, apresenta\u00e7\u00e3o do grupo Ma\u00e7ambiques e fechando a noite de abertura, \u00e0s 22h, a Banda Nossa Raiz. Todas as atra\u00e7\u00f5es s\u00e3o gratuitas. A programa\u00e7\u00e3o cultural \u00e9 uma realiza\u00e7\u00e3o da prefeitura de Os\u00f3rio, por meio da Secretaria Municipal Desenvolvimento, Turismo, Cultura e Juventude. Confira, abaixo, a programa\u00e7\u00e3o completa:<\/p>\n\n\n\n<p class=\"wp-block-paragraph\">24 DE SETEMBRO \u2014 QUINTA-FEIRA<br>18h \u2014 Banda Quilombola Santa Terezinha &#8211; (Sal\u00e3o Paroquial do Centro)<br>19h \u2014 Abertura da Festa em Louvor a Nossa Senhora do Ros\u00e1rio, com levantamento do mastro.<br>Capit\u00e3o do Mastro: Wilmar Francisco da Rosa &#8211; (Catedral Nossa Senhora da Concei\u00e7\u00e3o)<br>19h30min \u2014 Santa Missa<br>1\u00aa NOITE DO TR\u00cdDUO<br>Testemunho: a viv\u00eancia da f\u00e9 expressa na cultura e na coroa\u00e7\u00e3o do reis e rainhas. (Catedral Nossa Senhora da Concei\u00e7\u00e3o)<br>20h \u2014 Apresenta\u00e7\u00e3o art\u00edstica do Grupo Ma\u00e7ambique &#8211; (Sal\u00e3o Paroquial do Centro)<br>22h \u2014 Banda Nossa Raiz &#8211; (Sal\u00e3o Paroquial do Centro)<\/p>\n\n\n\n<p class=\"wp-block-paragraph\">25 DE SETEMBRO \u2014 SEXTA-FEIRA<br>19h30min \u2014 Santa Missa<br>2\u00aa NOITE DO TR\u00cdDUO<br>Miss\u00e3o: sair ao encontro, anunciando o Evangelho com as cores, dan\u00e7as e vestes. (Catedral Nossa Senhora da Concei\u00e7\u00e3o)<br>20h \u2014 Apresenta\u00e7\u00e3o art\u00edstica do Grupo Ma\u00e7ambique &#8211; (Sal\u00e3o Paroquial do Centro)<br>20h30min \u2014 Dan\u00e7a Afro Ana Paula Domingues &#8211; (Sal\u00e3o Paroquial do Centro)<br>22h \u2014 Banda Musical Mp3 &#8211; (Sal\u00e3o Paroquial do Centro)<\/p>\n\n\n\n<p class=\"wp-block-paragraph\">26 DE SETEMBRO \u2014 S\u00c1BADO<br>18h \u2014 Santa Missa<br>3\u00aa NOITE DO TR\u00cdDUO<br>Sinodalidade: caminhar junto no ritmo do tambor; com festa e louva\u00e7\u00e3o. (Catedral Nossa Senhora da Concei\u00e7\u00e3o)<br>18h30min \u2014 Apresenta\u00e7\u00e3o art\u00edstica do Grupo Ma\u00e7ambique &#8211; (Sal\u00e3o Paroquial do Centro)<br>20h \u2014 Baile com Grupo Muvuka &#8211; (Sal\u00e3o Paroquial do Centro)<\/p>\n\n\n\n<p class=\"wp-block-paragraph\">27 DE SETEMBRO \u2014 DOMINGO<br>10h \u2014 Santa Missa (escolha do novo festeiro). Prociss\u00e3o ap\u00f3s a missa.<br>10h \u2014 Coral Nossa Senhora da Concei\u00e7\u00e3o &#8211; (Catedral Nossa Senhora da Concei\u00e7\u00e3o)<br>12h \u2014 Almo\u00e7o festivo no Sal\u00e3o Paroquial do Centro.<br>12h \u2014 Apresenta\u00e7\u00e3o Art\u00edstica do Grupo Ma\u00e7ambique<br>14h \u2014 Preta Guedes e Banda<br>16h \u2014 Arriamento do Mastro<br>16h \u2014 Banda Jeito Baileiro &#8211; (Sal\u00e3o Paroquial do Centro)<\/p>\n\n\n\n<p class=\"wp-block-paragraph\">Fonte: Ascom PMO <\/p>\n\n\n\n<p class=\"wp-block-paragraph\">Foto prociss\u00e3o: Ascom Diocese de Os\u00f3rio<\/p>\n","protected":false},"excerpt":{"rendered":"<p>Uma tradi\u00e7\u00e3o secular afro-cat\u00f3lica do munic\u00edpio de Os\u00f3rio que une f\u00e9, heran\u00e7a quilombola e cultura<\/p>\n","protected":false},"author":1,"featured_media":18507,"comment_status":"open","ping_status":"open","sticky":false,"template":"","format":"standard","meta":{"footnotes":""},"categories":[36,39],"tags":[],"class_list":["post-18506","post","type-post","status-publish","format-standard","has-post-thumbnail","hentry","category-litoral-norte","category-osorio"],"_links":{"self":[{"href":"https:\/\/jornalrotadomar.com.br\/news\/wp-json\/wp\/v2\/posts\/18506","targetHints":{"allow":["GET"]}}],"collection":[{"href":"https:\/\/jornalrotadomar.com.br\/news\/wp-json\/wp\/v2\/posts"}],"about":[{"href":"https:\/\/jornalrotadomar.com.br\/news\/wp-json\/wp\/v2\/types\/post"}],"author":[{"embeddable":true,"href":"https:\/\/jornalrotadomar.com.br\/news\/wp-json\/wp\/v2\/users\/1"}],"replies":[{"embeddable":true,"href":"https:\/\/jornalrotadomar.com.br\/news\/wp-json\/wp\/v2\/comments?post=18506"}],"version-history":[{"count":1,"href":"https:\/\/jornalrotadomar.com.br\/news\/wp-json\/wp\/v2\/posts\/18506\/revisions"}],"predecessor-version":[{"id":18508,"href":"https:\/\/jornalrotadomar.com.br\/news\/wp-json\/wp\/v2\/posts\/18506\/revisions\/18508"}],"wp:featuredmedia":[{"embeddable":true,"href":"https:\/\/jornalrotadomar.com.br\/news\/wp-json\/wp\/v2\/media\/18507"}],"wp:attachment":[{"href":"https:\/\/jornalrotadomar.com.br\/news\/wp-json\/wp\/v2\/media?parent=18506"}],"wp:term":[{"taxonomy":"category","embeddable":true,"href":"https:\/\/jornalrotadomar.com.br\/news\/wp-json\/wp\/v2\/categories?post=18506"},{"taxonomy":"post_tag","embeddable":true,"href":"https:\/\/jornalrotadomar.com.br\/news\/wp-json\/wp\/v2\/tags?post=18506"}],"curies":[{"name":"wp","href":"https:\/\/api.w.org\/{rel}","templated":true}]}}