{"id":18509,"date":"2026-09-03T13:24:59","date_gmt":"2026-09-03T16:24:59","guid":{"rendered":"https:\/\/jornalrotadomar.com.br\/news\/?p=18509"},"modified":"2026-09-03T13:25:00","modified_gmt":"2026-09-03T16:25:00","slug":"homem-e-preso-por-extracao-ilegal-de-areia-em-dunas-de-quintao","status":"publish","type":"post","link":"https:\/\/jornalrotadomar.com.br\/news\/2026\/09\/03\/homem-e-preso-por-extracao-ilegal-de-areia-em-dunas-de-quintao\/","title":{"rendered":"Homem \u00e9 preso por extra\u00e7\u00e3o ilegal de areia em dunas de Quint\u00e3o"},"content":{"rendered":"\n<p class=\"has-text-align-center wp-block-paragraph\"><em>Fiscaliza\u00e7\u00e3o apreendeu caminh\u00e3o e p\u00e1 carregadeira utilizados na atividade irregular<\/em><\/p>\n\n\n\n<p class=\"wp-block-paragraph\">Um homem foi preso em flagrante por extra\u00e7\u00e3o ilegal de areia de dunas na quarta-feira (02\/09), no Balne\u00e1rio Quint\u00e3o, em Palmares do Sul. A a\u00e7\u00e3o foi realizada de forma integrada pela Prefeitura, Brigada Militar e \u00f3rg\u00e3os de fiscaliza\u00e7\u00e3o ambiental.<\/p>\n\n\n\n<p class=\"wp-block-paragraph\">A ocorr\u00eancia foi registrada no final da Rua H\u00e9rcules, ap\u00f3s uma den\u00fancia encaminhada pela Secretaria Municipal de Planejamento, Projetos e Meio Ambiente. No local, os agentes constataram a retirada de areia de dunas e\u00f3licas sem licen\u00e7a ou autoriza\u00e7\u00e3o ambiental, com utiliza\u00e7\u00e3o de uma p\u00e1 carregadeira.<\/p>\n\n\n\n<p class=\"wp-block-paragraph\">Durante a fiscaliza\u00e7\u00e3o, o suspeito chegou ao local conduzindo um caminh\u00e3o-ca\u00e7amba vazio, que, segundo as informa\u00e7\u00f5es divulgadas pelo munic\u00edpio, seria utilizado para realizar uma nova retirada de areia.<\/p>\n\n\n\n<p class=\"wp-block-paragraph\">A Patrulha Ambiental (Patram) de Tramanda\u00ed foi acionada e constatou infra\u00e7\u00f5es relacionadas \u00e0 extra\u00e7\u00e3o mineral sem autoriza\u00e7\u00e3o, al\u00e9m da caracteriza\u00e7\u00e3o de usurpa\u00e7\u00e3o de bem da Uni\u00e3o.<\/p>\n\n\n\n<p class=\"wp-block-paragraph\">O respons\u00e1vel pela opera\u00e7\u00e3o dos equipamentos foi preso em flagrante e encaminhado para os procedimentos legais junto \u00e0 Pol\u00edcia Federal.<\/p>\n\n\n\n<p class=\"wp-block-paragraph\">Durante a a\u00e7\u00e3o, foram apreendidos um caminh\u00e3o-ca\u00e7amba Mercedes-Benz e uma p\u00e1 carregadeira Case. Os ve\u00edculos foram removidos por guincho e encaminhados a um dep\u00f3sito credenciado ao Detran-RS.<\/p>\n\n\n\n<h3 class=\"wp-block-heading\">Fiscaliza\u00e7\u00f5es foram intensificadas<\/h3>\n\n\n\n<p class=\"wp-block-paragraph\">A opera\u00e7\u00e3o faz parte de uma articula\u00e7\u00e3o iniciada em agosto entre a Prefeitura de Palmares do Sul, Patram, Brigada Militar e Pol\u00edcia Civil para intensificar o combate \u00e0 retirada irregular de areia, principalmente nas dunas de Quint\u00e3o.<\/p>\n\n\n\n<p class=\"wp-block-paragraph\">Entre as medidas definidas est\u00e3o a amplia\u00e7\u00e3o das rondas e a realiza\u00e7\u00e3o de opera\u00e7\u00f5es integradas, al\u00e9m da apreens\u00e3o de ve\u00edculos e m\u00e1quinas encontrados em atividades irregulares.<\/p>\n\n\n\n<p class=\"wp-block-paragraph\">As a\u00e7\u00f5es tamb\u00e9m buscam atender a uma determina\u00e7\u00e3o do Minist\u00e9rio P\u00fablico para ampliar a fiscaliza\u00e7\u00e3o e o combate \u00e0 extra\u00e7\u00e3o ilegal de areia no munic\u00edpio.<\/p>\n\n\n\n<p class=\"wp-block-paragraph\">Fonte e foto: Prefeitura de Palmares do Sul\/Divulga\u00e7\u00e3o<\/p>\n","protected":false},"excerpt":{"rendered":"<p>Fiscaliza\u00e7\u00e3o apreendeu caminh\u00e3o e p\u00e1 carregadeira utilizados na atividade irregular Um homem foi preso em<\/p>\n","protected":false},"author":1,"featured_media":18510,"comment_status":"open","ping_status":"open","sticky":false,"template":"","format":"standard","meta":{"footnotes":""},"categories":[36,31],"tags":[],"class_list":["post-18509","post","type-post","status-publish","format-standard","has-post-thumbnail","hentry","category-litoral-norte","category-policia"],"_links":{"self":[{"href":"https:\/\/jornalrotadomar.com.br\/news\/wp-json\/wp\/v2\/posts\/18509","targetHints":{"allow":["GET"]}}],"collection":[{"href":"https:\/\/jornalrotadomar.com.br\/news\/wp-json\/wp\/v2\/posts"}],"about":[{"href":"https:\/\/jornalrotadomar.com.br\/news\/wp-json\/wp\/v2\/types\/post"}],"author":[{"embeddable":true,"href":"https:\/\/jornalrotadomar.com.br\/news\/wp-json\/wp\/v2\/users\/1"}],"replies":[{"embeddable":true,"href":"https:\/\/jornalrotadomar.com.br\/news\/wp-json\/wp\/v2\/comments?post=18509"}],"version-history":[{"count":1,"href":"https:\/\/jornalrotadomar.com.br\/news\/wp-json\/wp\/v2\/posts\/18509\/revisions"}],"predecessor-version":[{"id":18511,"href":"https:\/\/jornalrotadomar.com.br\/news\/wp-json\/wp\/v2\/posts\/18509\/revisions\/18511"}],"wp:featuredmedia":[{"embeddable":true,"href":"https:\/\/jornalrotadomar.com.br\/news\/wp-json\/wp\/v2\/media\/18510"}],"wp:attachment":[{"href":"https:\/\/jornalrotadomar.com.br\/news\/wp-json\/wp\/v2\/media?parent=18509"}],"wp:term":[{"taxonomy":"category","embeddable":true,"href":"https:\/\/jornalrotadomar.com.br\/news\/wp-json\/wp\/v2\/categories?post=18509"},{"taxonomy":"post_tag","embeddable":true,"href":"https:\/\/jornalrotadomar.com.br\/news\/wp-json\/wp\/v2\/tags?post=18509"}],"curies":[{"name":"wp","href":"https:\/\/api.w.org\/{rel}","templated":true}]}}