{"id":18517,"date":"2026-09-04T20:30:04","date_gmt":"2026-09-04T23:30:04","guid":{"rendered":"https:\/\/jornalrotadomar.com.br\/news\/?p=18517"},"modified":"2026-09-04T20:30:05","modified_gmt":"2026-09-04T23:30:05","slug":"rota-do-sol-segue-totalmente-bloqueada-apos-tombamento-de-caminhao-em-sao-francisco-de-paula","status":"publish","type":"post","link":"https:\/\/jornalrotadomar.com.br\/news\/2026\/09\/04\/rota-do-sol-segue-totalmente-bloqueada-apos-tombamento-de-caminhao-em-sao-francisco-de-paula\/","title":{"rendered":"Rota do Sol segue totalmente bloqueada ap\u00f3s tombamento de caminh\u00e3o em S\u00e3o Francisco de Paula"},"content":{"rendered":"\n<p class=\"has-text-align-center wp-block-paragraph\"><em>Ve\u00edculo permanece tombado no km 212 da RSC-453 e tr\u00e2nsito apresenta congestionamento no sentido Litoral<\/em><\/p>\n\n\n\n<p class=\"wp-block-paragraph\">A Rota do Sol segue totalmente bloqueada no km 212 da RSC-453, em S\u00e3o Francisco de Paula, nesta sexta-feira (04\/09), em raz\u00e3o de um caminh\u00e3o com semirreboque que permanece tombado sobre a rodovia. O acidente ocorreu na quarta-feira (02\/09).<\/p>\n\n\n\n<p class=\"wp-block-paragraph\">De acordo com o Comando Rodovi\u00e1rio da Brigada Militar (CRBM), uma guarni\u00e7\u00e3o do Grupo Rodovi\u00e1rio de Tainhas permanece no local realizando o controle e a orienta\u00e7\u00e3o do tr\u00e2nsito.<\/p>\n\n\n\n<p class=\"wp-block-paragraph\">Nesta sexta-feira, est\u00e1 sendo realizado apenas o transbordo da carga transportada pelo ve\u00edculo. O destombamento e a retirada do caminh\u00e3o est\u00e3o previstos para s\u00e1bado (05\/09).<\/p>\n\n\n\n<p class=\"wp-block-paragraph\">Com a interdi\u00e7\u00e3o total da rodovia, h\u00e1 congestiona mento no sentido Litoral. A orienta\u00e7\u00e3o \u00e9 para que os motoristas estejam atentos \u00e0s condi\u00e7\u00f5es de tr\u00e2nsito e, se poss\u00edvel, evitem o trecho enquanto permanecer o bloqueio.<\/p>\n\n\n\n<p class=\"wp-block-paragraph\">At\u00e9 a \u00faltima atualiza\u00e7\u00e3o, n\u00e3o havia informa\u00e7\u00f5es sobre v\u00edtimas ou sobre o condutor do caminh\u00e3o.<\/p>\n\n\n\n<p class=\"wp-block-paragraph\">A ocorr\u00eancia permanece em andamento e a Rota do Sol segue bloqueada no local.<\/p>\n\n\n\n<p class=\"wp-block-paragraph\">Fonte: Comando Rodovi\u00e1rio da Brigada Militar (CRBM) \u2013 Grupo Rodovi\u00e1rio de Tainhas<\/p>\n","protected":false},"excerpt":{"rendered":"<p>Ve\u00edculo permanece tombado no km 212 da RSC-453 e tr\u00e2nsito apresenta congestionamento no sentido Litoral<\/p>\n","protected":false},"author":1,"featured_media":18518,"comment_status":"open","ping_status":"open","sticky":false,"template":"","format":"standard","meta":{"footnotes":""},"categories":[31,40],"tags":[],"class_list":["post-18517","post","type-post","status-publish","format-standard","has-post-thumbnail","hentry","category-policia","category-rio-grande-do-sul"],"_links":{"self":[{"href":"https:\/\/jornalrotadomar.com.br\/news\/wp-json\/wp\/v2\/posts\/18517","targetHints":{"allow":["GET"]}}],"collection":[{"href":"https:\/\/jornalrotadomar.com.br\/news\/wp-json\/wp\/v2\/posts"}],"about":[{"href":"https:\/\/jornalrotadomar.com.br\/news\/wp-json\/wp\/v2\/types\/post"}],"author":[{"embeddable":true,"href":"https:\/\/jornalrotadomar.com.br\/news\/wp-json\/wp\/v2\/users\/1"}],"replies":[{"embeddable":true,"href":"https:\/\/jornalrotadomar.com.br\/news\/wp-json\/wp\/v2\/comments?post=18517"}],"version-history":[{"count":1,"href":"https:\/\/jornalrotadomar.com.br\/news\/wp-json\/wp\/v2\/posts\/18517\/revisions"}],"predecessor-version":[{"id":18519,"href":"https:\/\/jornalrotadomar.com.br\/news\/wp-json\/wp\/v2\/posts\/18517\/revisions\/18519"}],"wp:featuredmedia":[{"embeddable":true,"href":"https:\/\/jornalrotadomar.com.br\/news\/wp-json\/wp\/v2\/media\/18518"}],"wp:attachment":[{"href":"https:\/\/jornalrotadomar.com.br\/news\/wp-json\/wp\/v2\/media?parent=18517"}],"wp:term":[{"taxonomy":"category","embeddable":true,"href":"https:\/\/jornalrotadomar.com.br\/news\/wp-json\/wp\/v2\/categories?post=18517"},{"taxonomy":"post_tag","embeddable":true,"href":"https:\/\/jornalrotadomar.com.br\/news\/wp-json\/wp\/v2\/tags?post=18517"}],"curies":[{"name":"wp","href":"https:\/\/api.w.org\/{rel}","templated":true}]}}