{"id":18523,"date":"2026-09-05T12:52:54","date_gmt":"2026-09-05T15:52:54","guid":{"rendered":"https:\/\/jornalrotadomar.com.br\/news\/?p=18523"},"modified":"2026-09-05T12:52:54","modified_gmt":"2026-09-05T15:52:54","slug":"corsan-mobiliza-dez-cidades-gauchas-pelo-dia-mundial-da-limpeza","status":"publish","type":"post","link":"https:\/\/jornalrotadomar.com.br\/news\/2026\/09\/05\/corsan-mobiliza-dez-cidades-gauchas-pelo-dia-mundial-da-limpeza\/","title":{"rendered":"Corsan mobiliza dez cidades ga\u00fachas pelo Dia Mundial da Limpeza"},"content":{"rendered":"\n<p class=\"has-text-align-center wp-block-paragraph\"><em>Volunt\u00e1rios, estudantes, comunidades e poder p\u00fablico participam de mutir\u00f5es e a\u00e7\u00f5es de educa\u00e7\u00e3o ambiental ao longo de setembro<\/em><\/p>\n\n\n\n<p class=\"wp-block-paragraph\">Um res\u00edduo descartado na rua n\u00e3o termina na rua. Com a chuva, pode chegar aos sistemas de drenagem, arroios, rios e praias. Quando lan\u00e7ado indevidamente nas redes de esgoto, tamb\u00e9m pode provocar obstru\u00e7\u00f5es e comprometer o funcionamento do sistema. Para chamar aten\u00e7\u00e3o a esse caminho e estimular atitudes que ajudam a preservar o ambiente, a Corsan mobilizar\u00e1 dez munic\u00edpios ga\u00fachos ao longo de setembro.<\/p>\n\n\n\n<p class=\"wp-block-paragraph\">As atividades integram a programa\u00e7\u00e3o do World Cleanup Day, ou Dia Mundial da Limpeza, movimento internacional de mobiliza\u00e7\u00e3o contra o descarte inadequado de res\u00edduos e a polui\u00e7\u00e3o, celebrado em 20 de setembro. A iniciativa re\u00fane volunt\u00e1rios em diferentes pa\u00edses para a\u00e7\u00f5es de limpeza e conscientiza\u00e7\u00e3o sobre consumo, destina\u00e7\u00e3o de res\u00edduos e preserva\u00e7\u00e3o dos espa\u00e7os compartilhados.<\/p>\n\n\n\n<p class=\"wp-block-paragraph\">No Rio Grande do Sul, a programa\u00e7\u00e3o ocorrer\u00e1 em dez cidades atendidas pela Corsan, reunindo colaboradores volunt\u00e1rios da Companhia, estudantes, professores, moradores, prefeituras, cooperativas e outras entidades parceiras.<\/p>\n\n\n\n<p class=\"wp-block-paragraph\">Mais do que retirar res\u00edduos dos espa\u00e7os p\u00fablicos, a proposta \u00e9 mostrar a rela\u00e7\u00e3o entre h\u00e1bitos cotidianos, preserva\u00e7\u00e3o da \u00e1gua e saneamento. \u00d3leo de cozinha, pl\u00e1sticos e outros materiais descartados incorretamente podem percorrer a cidade at\u00e9 alcan\u00e7ar cursos d\u2019\u00e1gua ou estruturas que n\u00e3o foram projetadas para receb\u00ea-los. Evitar esse caminho tamb\u00e9m contribui para proteger os mananciais, as redes de esgotamento sanit\u00e1rio e os espa\u00e7os onde as pessoas vivem.<\/p>\n\n\n\n<p class=\"wp-block-paragraph\">\u201cQuando nossos volunt\u00e1rios se unem a escolas, moradores, prefeituras e entidades, a a\u00e7\u00e3o vai al\u00e9m da retirada dos res\u00edduos. A mobiliza\u00e7\u00e3o ajuda a mostrar, na pr\u00e1tica, que aquilo que descartamos tem um destino e que nossas escolhas interferem na cidade e no ambiente. Cuidar da \u00e1gua, dos espa\u00e7os p\u00fablicos e do saneamento \u00e9 uma responsabilidade por todos n\u00f3s\u201d, afirma Willian Carvalho, gerente de Responsabilidade Social da Corsan.<\/p>\n\n\n\n<p class=\"wp-block-paragraph\"><em>Programa\u00e7\u00e3o nos munic\u00edpios<\/em><\/p>\n\n\n\n<p class=\"wp-block-paragraph\"><em>3 a 11 de setembro &#8211; Passo Fundo<\/em><br>Realiza\u00e7\u00e3o de DDS (Di\u00e1logo Di\u00e1rio de Seguran\u00e7a), sobre arrecada\u00e7\u00e3o de recipientes de vidro, em parceria com a Cooperativa Cootraempo; organiza\u00e7\u00e3o e limpeza dos espa\u00e7os f\u00edsicos e digitais de trabalho e limpeza do entorno da Superintend\u00eancia da Corsan, incluindo ruas, cal\u00e7adas e \u00e1reas pr\u00f3ximas.<\/p>\n\n\n\n<p class=\"wp-block-paragraph\"><em>6 de setembro &#8211; Alegrete<\/em><br>Mutir\u00e3o de limpeza na Pra\u00e7a Get\u00falio Vargas ap\u00f3s o desfile das escolas alusivo ao Dia da Independ\u00eancia. A Corsan tamb\u00e9m disponibilizar\u00e1 um bebedouro aos participantes.<\/p>\n\n\n\n<p class=\"wp-block-paragraph\"><em>7 de setembro &#8211; Cruz Alta<\/em><br>A\u00e7\u00e3o no entorno da Pra\u00e7a General Firmino de Paula, com coleta de tampinhas, separa\u00e7\u00e3o de res\u00edduos em Ecopontos e recebimento de \u00f3leo de cozinha usado. Uma amostra de sab\u00e3o produzido a partir do \u00f3leo recolhido ajudar\u00e1 a demonstrar as possibilidades de reaproveitamento do res\u00edduo. A atividade ter\u00e1 participa\u00e7\u00e3o da Secretaria Municipal do Meio Ambiente e da Cooperativa Unicca.<\/p>\n\n\n\n<p class=\"wp-block-paragraph\"><em>11 de setembro &#8211; Passo Fundo<\/em><br>Mobiliza\u00e7\u00e3o para arrecada\u00e7\u00e3o de recipientes de vidro, em parceria com a Cooperativa Cootraempo, organiza\u00e7\u00e3o e limpeza dos espa\u00e7os f\u00edsicos e digitais de trabalho e limpeza do entorno da Superintend\u00eancia da Corsan, incluindo ruas e cal\u00e7adas.<\/p>\n\n\n\n<p class=\"wp-block-paragraph\"><em>15 de setembro &#8211; Carlos Barbosa<\/em><br>Mutir\u00e3o de limpeza no Parque da Esta\u00e7\u00e3o com alunos do 5\u00ba ano da EMEF Carlos Barbosa e orienta\u00e7\u00f5es sobre sustentabilidade, descarte correto de res\u00edduos, saneamento e preserva\u00e7\u00e3o dos espa\u00e7os p\u00fablicos. A a\u00e7\u00e3o \u00e9 realizada em parceria com as secretarias municipais de Educa\u00e7\u00e3o e do Esporte.<\/p>\n\n\n\n<p class=\"wp-block-paragraph\"><em>20 de setembro &#8211; Bento Gon\u00e7alves<\/em><br>Mutir\u00e3o de limpeza no bairro Vila Nova com volunt\u00e1rios e lideran\u00e7as comunit\u00e1rias, integrado \u00e0s a\u00e7\u00f5es Bota Fora e de combate \u00e0 dengue promovidas pelas secretarias municipais de Meio Ambiente e Sa\u00fade.<\/p>\n\n\n\n<p class=\"wp-block-paragraph\"><em>21 de setembro &#8211; Sapiranga<\/em><br>Mutir\u00e3o no bairro Voo Livre, com volunt\u00e1rios da Corsan e participa\u00e7\u00e3o da comunidade escolar do Centro Municipal de Educa\u00e7\u00e3o Ayrton Senna.<\/p>\n\n\n\n<p class=\"wp-block-paragraph\"><em>21 de setembro &#8211; Canoas<\/em><br>Limpeza do banhado junto \u00e0 Pra\u00e7a Nelson Mandela, no bairro Guajuviras, e plantio de mudas nativas, com participa\u00e7\u00e3o da comunidade escolar da EMEF Paulo Freire, secretarias municipais de Meio Ambiente e Educa\u00e7\u00e3o, equipe do Conex\u00f5es Sustent\u00e1veis e Cooperativa de Reciclagem Renascer.<\/p>\n\n\n\n<p class=\"wp-block-paragraph\"><em>25 de setembro &#8211; Rio Grande<\/em><br>Mutir\u00e3o de limpeza nas dunas da Praia do Cassino, com participa\u00e7\u00e3o de volunt\u00e1rios da Corsan. A Prefeitura far\u00e1 o recolhimento dos res\u00edduos coletados.<\/p>\n\n\n\n<p class=\"wp-block-paragraph\"><em>26 de setembro &#8211; Tramanda\u00ed<\/em><br>Limpeza da praia com volunt\u00e1rios, comunidade, \u00f3rg\u00e3os p\u00fablicos e parceiro reciclador. A atividade tamb\u00e9m dar\u00e1 visibilidade aos Ecopontos de coleta de \u00f3leo de cozinha usado e \u00e0 import\u00e2ncia de evitar que o res\u00edduo seja descartado na rede de esgoto ou no meio ambiente.<\/p>\n\n\n\n<p class=\"wp-block-paragraph\"><em>28 de setembro &#8211; Santa Maria<\/em><br>Limpeza e conserva\u00e7\u00e3o do entorno da EMEF Renato Nocchi Zimermann, com participa\u00e7\u00e3o de volunt\u00e1rios da Corsan e da comunidade escolar no recolhimento, identifica\u00e7\u00e3o e destina\u00e7\u00e3o adequada dos res\u00edduos.<\/p>\n\n\n\n<p class=\"wp-block-paragraph\">Embora adaptadas \u00e0s caracter\u00edsticas de cada munic\u00edpio, as a\u00e7\u00f5es partem de um mesmo princ\u00edpio: cuidar da \u00e1gua e do saneamento \u00e9 comportamental e come\u00e7a antes que o res\u00edduo chegue \u00e0s redes, aos rios, \u00e0s praias e ao meio ambiente.<\/p>\n\n\n\n<p class=\"wp-block-paragraph\">Fonte\/Foto: Comunica\u00e7\u00e3o Social da Corsan<\/p>\n\n\n\n<p class=\"wp-block-paragraph\"><\/p>\n","protected":false},"excerpt":{"rendered":"<p>Volunt\u00e1rios, estudantes, comunidades e poder p\u00fablico participam de mutir\u00f5es e a\u00e7\u00f5es de educa\u00e7\u00e3o ambiental ao<\/p>\n","protected":false},"author":1,"featured_media":18524,"comment_status":"open","ping_status":"open","sticky":false,"template":"","format":"standard","meta":{"footnotes":""},"categories":[36,40],"tags":[],"class_list":["post-18523","post","type-post","status-publish","format-standard","has-post-thumbnail","hentry","category-litoral-norte","category-rio-grande-do-sul"],"_links":{"self":[{"href":"https:\/\/jornalrotadomar.com.br\/news\/wp-json\/wp\/v2\/posts\/18523","targetHints":{"allow":["GET"]}}],"collection":[{"href":"https:\/\/jornalrotadomar.com.br\/news\/wp-json\/wp\/v2\/posts"}],"about":[{"href":"https:\/\/jornalrotadomar.com.br\/news\/wp-json\/wp\/v2\/types\/post"}],"author":[{"embeddable":true,"href":"https:\/\/jornalrotadomar.com.br\/news\/wp-json\/wp\/v2\/users\/1"}],"replies":[{"embeddable":true,"href":"https:\/\/jornalrotadomar.com.br\/news\/wp-json\/wp\/v2\/comments?post=18523"}],"version-history":[{"count":1,"href":"https:\/\/jornalrotadomar.com.br\/news\/wp-json\/wp\/v2\/posts\/18523\/revisions"}],"predecessor-version":[{"id":18525,"href":"https:\/\/jornalrotadomar.com.br\/news\/wp-json\/wp\/v2\/posts\/18523\/revisions\/18525"}],"wp:featuredmedia":[{"embeddable":true,"href":"https:\/\/jornalrotadomar.com.br\/news\/wp-json\/wp\/v2\/media\/18524"}],"wp:attachment":[{"href":"https:\/\/jornalrotadomar.com.br\/news\/wp-json\/wp\/v2\/media?parent=18523"}],"wp:term":[{"taxonomy":"category","embeddable":true,"href":"https:\/\/jornalrotadomar.com.br\/news\/wp-json\/wp\/v2\/categories?post=18523"},{"taxonomy":"post_tag","embeddable":true,"href":"https:\/\/jornalrotadomar.com.br\/news\/wp-json\/wp\/v2\/tags?post=18523"}],"curies":[{"name":"wp","href":"https:\/\/api.w.org\/{rel}","templated":true}]}}