{"id":18526,"date":"2026-09-06T12:11:19","date_gmt":"2026-09-06T15:11:19","guid":{"rendered":"https:\/\/jornalrotadomar.com.br\/news\/?p=18526"},"modified":"2026-09-06T12:11:19","modified_gmt":"2026-09-06T15:11:19","slug":"homem-procurado-por-organizacao-criminosa-e-lavagem-de-dinheiro-e-preso-na-br-101-em-torres","status":"publish","type":"post","link":"https:\/\/jornalrotadomar.com.br\/news\/2026\/09\/06\/homem-procurado-por-organizacao-criminosa-e-lavagem-de-dinheiro-e-preso-na-br-101-em-torres\/","title":{"rendered":"Homem procurado por organiza\u00e7\u00e3o criminosa e lavagem de dinheiro \u00e9 preso na BR-101, em Torres"},"content":{"rendered":"\n<p class=\"wp-block-paragraph\"><em>Suspeito de 34 anos estava em um \u00f4nibus que seguia de Florian\u00f3polis para Novo Hamburgo<\/em><\/p>\n\n\n\n<p class=\"wp-block-paragraph\">Um homem de 34 anos foi preso na madrugada deste domingo (06\/09), durante uma abordagem a um \u00f4nibus na BR-101, em Torres, no Litoral Norte. Contra ele havia um mandado de pris\u00e3o preventiva pelos crimes de organiza\u00e7\u00e3o criminosa e lavagem de dinheiro.<\/p>\n\n\n\n<p class=\"wp-block-paragraph\">Segundo o Grupo Rodovi\u00e1rio de Torres, a abordagem ocorreu por volta das 3h, no km 0 da BR-101, ap\u00f3s a guarni\u00e7\u00e3o receber informa\u00e7\u00f5es da Ag\u00eancia Local de Intelig\u00eancia do 3\u00ba Batalh\u00e3o Rodovi\u00e1rio da Brigada Militar (3\u00ba BPRv).<\/p>\n\n\n\n<p class=\"wp-block-paragraph\">As informa\u00e7\u00f5es indicavam que um homem com mandado de pris\u00e3o em aberto estaria viajando como passageiro de um \u00f4nibus que seguia de Florian\u00f3polis (SC) para Novo Hamburgo (RS).<\/p>\n\n\n\n<p class=\"wp-block-paragraph\">O ve\u00edculo foi abordado e os passageiros identificados. Durante a consulta aos sistemas, os policiais constataram que o homem possu\u00eda um mandado de pris\u00e3o preventiva ativo, expedido pela 1\u00aa Vara Estadual de Processos e Julgamento dos Crimes de Organiza\u00e7\u00e3o Criminosa e Lavagem de Dinheiro, de Porto Alegre.<\/p>\n\n\n\n<p class=\"wp-block-paragraph\">O homem foi preso, encaminhado para exame de les\u00f5es e, posteriormente, apresentado na Delegacia de Pol\u00edcia de Pronto Atendimento (DPPA) para os procedimentos legais.<\/p>\n\n\n\n<p class=\"wp-block-paragraph\">Fonte: Grupo Rodovi\u00e1rio de Torres \u2013 Soldado Cristina<\/p>\n\n\n\n<p class=\"wp-block-paragraph\"><\/p>\n","protected":false},"excerpt":{"rendered":"<p>Suspeito de 34 anos estava em um \u00f4nibus que seguia de Florian\u00f3polis para Novo Hamburgo<\/p>\n","protected":false},"author":1,"featured_media":18527,"comment_status":"open","ping_status":"open","sticky":false,"template":"","format":"standard","meta":{"footnotes":""},"categories":[36,31,43],"tags":[],"class_list":["post-18526","post","type-post","status-publish","format-standard","has-post-thumbnail","hentry","category-litoral-norte","category-policia","category-torres"],"_links":{"self":[{"href":"https:\/\/jornalrotadomar.com.br\/news\/wp-json\/wp\/v2\/posts\/18526","targetHints":{"allow":["GET"]}}],"collection":[{"href":"https:\/\/jornalrotadomar.com.br\/news\/wp-json\/wp\/v2\/posts"}],"about":[{"href":"https:\/\/jornalrotadomar.com.br\/news\/wp-json\/wp\/v2\/types\/post"}],"author":[{"embeddable":true,"href":"https:\/\/jornalrotadomar.com.br\/news\/wp-json\/wp\/v2\/users\/1"}],"replies":[{"embeddable":true,"href":"https:\/\/jornalrotadomar.com.br\/news\/wp-json\/wp\/v2\/comments?post=18526"}],"version-history":[{"count":1,"href":"https:\/\/jornalrotadomar.com.br\/news\/wp-json\/wp\/v2\/posts\/18526\/revisions"}],"predecessor-version":[{"id":18528,"href":"https:\/\/jornalrotadomar.com.br\/news\/wp-json\/wp\/v2\/posts\/18526\/revisions\/18528"}],"wp:featuredmedia":[{"embeddable":true,"href":"https:\/\/jornalrotadomar.com.br\/news\/wp-json\/wp\/v2\/media\/18527"}],"wp:attachment":[{"href":"https:\/\/jornalrotadomar.com.br\/news\/wp-json\/wp\/v2\/media?parent=18526"}],"wp:term":[{"taxonomy":"category","embeddable":true,"href":"https:\/\/jornalrotadomar.com.br\/news\/wp-json\/wp\/v2\/categories?post=18526"},{"taxonomy":"post_tag","embeddable":true,"href":"https:\/\/jornalrotadomar.com.br\/news\/wp-json\/wp\/v2\/tags?post=18526"}],"curies":[{"name":"wp","href":"https:\/\/api.w.org\/{rel}","templated":true}]}}