{"id":18529,"date":"2026-09-06T17:05:26","date_gmt":"2026-09-06T20:05:26","guid":{"rendered":"https:\/\/jornalrotadomar.com.br\/news\/?p=18529"},"modified":"2026-09-06T17:05:26","modified_gmt":"2026-09-06T20:05:26","slug":"ciclista-fica-ferido-apos-ser-atropelado-na-ers-389-em-torres","status":"publish","type":"post","link":"https:\/\/jornalrotadomar.com.br\/news\/2026\/09\/06\/ciclista-fica-ferido-apos-ser-atropelado-na-ers-389-em-torres\/","title":{"rendered":"Ciclista fica ferido ap\u00f3s ser atropelado na ERS-389, em Torres"},"content":{"rendered":"\n<p class=\"wp-block-paragraph\">Um ciclista de 58 anos ficou ferido ap\u00f3s ser atropelado por um carro na tarde deste domingo (06\/09), na ERS-389, em Torres, no Litoral Norte.<\/p>\n\n\n\n<p class=\"wp-block-paragraph\">O acidente ocorreu por volta das 15h40, no km 79 da rodovia, nas proximidades da interse\u00e7\u00e3o de acesso ao aeroporto.<\/p>\n\n\n\n<p class=\"wp-block-paragraph\">Conforme informa\u00e7\u00f5es do Grupo Rodovi\u00e1rio de Torres, o motorista de um Fiat Palio trafegava no sentido Torres\u2013Arroio do Sal quando, segundo seu relato, n\u00e3o conseguiu desviar da bicicleta e acabou atingindo o ciclista.<\/p>\n\n\n\n<p class=\"wp-block-paragraph\">O homem de 58 anos foi socorrido pelo Servi\u00e7o de Atendimento M\u00f3vel de Urg\u00eancia (Samu) e encaminhado ao Hospital de Torres para atendimento m\u00e9dico. As informa\u00e7\u00f5es preliminares indicam que ele n\u00e3o apresentava ferimentos graves.<\/p>\n\n\n\n<p class=\"wp-block-paragraph\">O condutor do autom\u00f3vel tamb\u00e9m recebeu atendimento do Samu e estava consciente. O ve\u00edculo n\u00e3o apresentou danos estruturais.<\/p>\n\n\n\n<p class=\"wp-block-paragraph\">O trecho onde ocorreu o acidente foi liberado para o tr\u00e2nsito. As circunst\u00e2ncias da colis\u00e3o dever\u00e3o ser apuradas.<\/p>\n\n\n\n<p class=\"wp-block-paragraph\">Fonte: Grupo Rodovi\u00e1rio de Torres \u2013 Soldado Cristina<\/p>\n","protected":false},"excerpt":{"rendered":"<p>Um ciclista de 58 anos ficou ferido ap\u00f3s ser atropelado por um carro na tarde<\/p>\n","protected":false},"author":1,"featured_media":18530,"comment_status":"open","ping_status":"open","sticky":false,"template":"","format":"standard","meta":{"footnotes":""},"categories":[36,31,43],"tags":[],"class_list":["post-18529","post","type-post","status-publish","format-standard","has-post-thumbnail","hentry","category-litoral-norte","category-policia","category-torres"],"_links":{"self":[{"href":"https:\/\/jornalrotadomar.com.br\/news\/wp-json\/wp\/v2\/posts\/18529","targetHints":{"allow":["GET"]}}],"collection":[{"href":"https:\/\/jornalrotadomar.com.br\/news\/wp-json\/wp\/v2\/posts"}],"about":[{"href":"https:\/\/jornalrotadomar.com.br\/news\/wp-json\/wp\/v2\/types\/post"}],"author":[{"embeddable":true,"href":"https:\/\/jornalrotadomar.com.br\/news\/wp-json\/wp\/v2\/users\/1"}],"replies":[{"embeddable":true,"href":"https:\/\/jornalrotadomar.com.br\/news\/wp-json\/wp\/v2\/comments?post=18529"}],"version-history":[{"count":1,"href":"https:\/\/jornalrotadomar.com.br\/news\/wp-json\/wp\/v2\/posts\/18529\/revisions"}],"predecessor-version":[{"id":18531,"href":"https:\/\/jornalrotadomar.com.br\/news\/wp-json\/wp\/v2\/posts\/18529\/revisions\/18531"}],"wp:featuredmedia":[{"embeddable":true,"href":"https:\/\/jornalrotadomar.com.br\/news\/wp-json\/wp\/v2\/media\/18530"}],"wp:attachment":[{"href":"https:\/\/jornalrotadomar.com.br\/news\/wp-json\/wp\/v2\/media?parent=18529"}],"wp:term":[{"taxonomy":"category","embeddable":true,"href":"https:\/\/jornalrotadomar.com.br\/news\/wp-json\/wp\/v2\/categories?post=18529"},{"taxonomy":"post_tag","embeddable":true,"href":"https:\/\/jornalrotadomar.com.br\/news\/wp-json\/wp\/v2\/tags?post=18529"}],"curies":[{"name":"wp","href":"https:\/\/api.w.org\/{rel}","templated":true}]}}